{"id":8844,"date":"2024-05-07T19:54:17","date_gmt":"2024-05-07T17:54:17","guid":{"rendered":"https:\/\/www.agnnw.de\/?p=8844"},"modified":"2024-05-07T20:06:13","modified_gmt":"2024-05-07T18:06:13","slug":"band-statement-anlaesslich-des-128-deutschen-aerztetages","status":"publish","type":"post","link":"https:\/\/www.agnnw.de\/?p=8844","title":{"rendered":"Impulse der BAND zur Verbesserung des Notarztwesens"},"content":{"rendered":"\t\t<div data-elementor-type=\"wp-post\" data-elementor-id=\"8844\" class=\"elementor elementor-8844\" data-elementor-post-type=\"post\">\n\t\t\t\t\t\t<section class=\"elementor-section elementor-top-section elementor-element elementor-element-638c45d elementor-section-full_width elementor-section-height-default elementor-section-height-default\" data-id=\"638c45d\" data-element_type=\"section\" data-e-type=\"section\">\n\t\t\t\t\t\t<div class=\"elementor-container elementor-column-gap-default\">\n\t\t\t\t\t<div class=\"elementor-column elementor-col-100 elementor-top-column elementor-element elementor-element-49cd924\" data-id=\"49cd924\" data-element_type=\"column\" data-e-type=\"column\">\n\t\t\t<div class=\"elementor-widget-wrap elementor-element-populated\">\n\t\t\t\t\t\t<div class=\"elementor-element elementor-element-ab2500f elementor-widget elementor-widget-text-editor\" data-id=\"ab2500f\" data-element_type=\"widget\" data-e-type=\"widget\" data-widget_type=\"text-editor.default\">\n\t\t\t\t<div class=\"elementor-widget-container\">\n\t\t\t\t\t\t\t\t\t<p><!--StartFragment --><\/p>\n<p><span style=\"font-family: Arial; font-weight: bold; font-size: 14pt; color: #767171;\">07.05.2024 &#8211; BAND-Statement anl\u00e4sslich des 128. Deutschen \u00c4rztetages<\/span><\/p>\n<p><span style=\"font-size: 14pt;\"><span style=\"font-family: Arial; color: #000000;\">Anl\u00e4sslich des am 4. April durch die AG Akut- und Notfallmedizin der Bundes\u00e4rztekammer vorgelegte Konzeptpapier <\/span> <span style=\"font-family: Arial; font-weight: bold; color: #000000;\">\u201eZuk\u00fcnftige <\/span> <span style=\"font-family: Arial; font-weight: bold; color: #000000;\">Ausgestaltung <\/span> <span style=\"font-family: Arial; font-weight: bold; color: #000000;\">einer <\/span> <span style=\"font-family: Arial; font-weight: bold; color: #000000;\">patientengerechten <\/span> <span style=\"font-family: Arial; font-weight: bold; color: #000000;\">sektoren\u00fcbergreifenden akut- und notfallmedizinischen Versorgung aus \u00e4rztlicher Perspektive\u201c<\/span><span style=\"font-family: Arial; color: #000000;\"> erlauben wir uns seitens der BAND den Delegierten f\u00fcr den Deutschen \u00c4rztetag 2024 einige Gedanken mitzugeben. <\/span><\/span><\/p>\n<p><span style=\"font-family: Arial; font-size: 14pt; color: #000000;\">Wir stimmen den Autoren zu vielen der im Papier genannten Punkte zu. Eingehen m\u00f6chten wir daher nur auf wenige davon, die aber f\u00fcr den Rettungs- und Notarztdienst besondere Bedeutung haben. <\/span><\/p>\n<p><span style=\"font-family: Arial; font-weight: bold; font-size: 14pt; color: #000000;\">Zu Punkt 5: Rettungsdienst als wesentliche S\u00e4ule reformieren. <\/span><\/p>\n<p><span style=\"font-size: 14pt;\"><span style=\"font-family: Arial; color: #000000;\">Auch aus Sicht der \u00c4rzteschaft sollte erwogen werden, ob nicht bestimmte sogenannte Low Code-Eins\u00e4tze <\/span> <span style=\"font-family: Arial; color: #000000;\">auch <\/span> <span style=\"font-family: Arial; color: #000000;\">vom <\/span> <span style=\"font-family: Arial; color: #000000;\">Rettungsdienstfachpersonal <\/span> <span style=\"font-family: Arial; color: #000000;\">anhand <\/span> <span style=\"font-family: Arial; color: #000000;\">deren <\/span> <span style=\"font-family: Arial; color: #000000;\">Standardarbeitsanweisungen <\/span> <span style=\"font-family: Arial; color: #000000;\">auch <\/span><span style=\"font-family: Arial; color: #000000;\">ohne <\/span> <span style=\"font-family: Arial; color: #000000;\">Hinzuziehung <\/span> <span style=\"font-family: Arial; color: #000000;\">eines <\/span> <span style=\"font-family: Arial; color: #000000;\">Arztes <\/span> <span style=\"font-family: Arial; color: #000000;\">fallabschlie\u00dfend <\/span> <span style=\"font-family: Arial; color: #000000;\">behandelt <\/span> <span style=\"font-family: Arial; color: #000000;\">werden <\/span> <span style=\"font-family: Arial; color: #000000;\">k\u00f6nnen. <\/span> <span style=\"font-family: Arial; color: #000000;\">Das <\/span> <span style=\"font-family: Arial; color: #000000;\">entlastet <\/span> <span style=\"font-family: Arial; color: #000000;\">aus unserer <\/span> <span style=\"font-family: Arial; color: #000000;\">Sicht <\/span> <span style=\"font-family: Arial; color: #000000;\">die <\/span> <span style=\"font-family: Arial; color: #000000;\">\u00e4rztlichen <\/span> <span style=\"font-family: Arial; color: #000000;\">Ressourcen <\/span> <span style=\"font-family: Arial; color: #000000;\">und <\/span> <span style=\"font-family: Arial; color: #000000;\">unterstreicht <\/span> <span style=\"font-family: Arial; color: #000000;\">die <\/span> <span style=\"font-family: Arial; color: #000000;\">Wertsch\u00e4tzung <\/span> <span style=\"font-family: Arial; color: #000000;\">f\u00fcr <\/span> <span style=\"font-family: Arial; color: #000000;\">diese <\/span> <span style=\"font-family: Arial; color: #000000;\">f\u00fcr <\/span> <span style=\"font-family: Arial; color: #000000;\">die au\u00dferklinische Notfallversorgung essenzielle Berufsgruppe. <\/span><\/span><\/p>\n<p><span style=\"font-size: 14pt;\"><span style=\"font-family: Arial; color: #000000;\">Die <\/span> <span style=\"font-family: Arial; color: #000000;\">Autoren <\/span> <span style=\"font-family: Arial; color: #000000;\">haben <\/span> <span style=\"font-family: Arial; color: #000000;\">absolut <\/span> <span style=\"font-family: Arial; color: #000000;\">recht, <\/span> <span style=\"font-family: Arial; color: #000000;\">wenn <\/span> <span style=\"font-family: Arial; color: #000000;\">sie <\/span> <span style=\"font-family: Arial; color: #000000;\">beschreiben, <\/span> <span style=\"font-family: Arial; color: #000000;\">dass <\/span> <span style=\"font-family: Arial; color: #000000;\">der <\/span> <span style=\"font-family: Arial; color: #000000;\">Interhospitaltransport <\/span> <span style=\"font-family: Arial; color: #000000;\">eine wachsende <\/span> <span style=\"font-family: Arial; color: #000000;\">Bedeutung <\/span> <span style=\"font-family: Arial; color: #000000;\">bekommen <\/span> <span style=\"font-family: Arial; color: #000000;\">wird. <\/span> <span style=\"font-family: Arial; color: #000000;\">Mit <\/span> <span style=\"font-family: Arial; color: #000000;\">steigenden <\/span> <span style=\"font-family: Arial; color: #000000;\">Transportzahlen <\/span> <span style=\"font-family: Arial; color: #000000;\">ist <\/span> <span style=\"font-family: Arial; color: #000000;\">eine <\/span> <span style=\"font-family: Arial; color: #000000;\">verst\u00e4rkte Auslastung des arztbegleiteten Interhospitaltransfers zu erwarten. Um Engp\u00e4sse zu vermeiden ist die Einbindung des Telenotarztes ein probates Mittel. Um eine ad\u00e4quate Qualifikation f\u00fcr diese wichtige Aufgabe sicherzustellen, ist es aus Sicht der BAND notwendig, dass die in der Telenotfallmedizin eingesetzten <\/span> <span style=\"font-family: Arial; color: #000000;\">\u00c4rztinnen <\/span> <span style=\"font-family: Arial; color: #000000;\">und <\/span> <span style=\"font-family: Arial; color: #000000;\">\u00c4rzte <\/span> <span style=\"font-family: Arial; color: #000000;\">\u00fcber <\/span> <span style=\"font-family: Arial; color: #000000;\">besondere <\/span> <span style=\"font-family: Arial; color: #000000;\">Erfahrungen <\/span> <span style=\"font-family: Arial; color: #000000;\">im <\/span> <span style=\"font-family: Arial; color: #000000;\">Intensiv- <\/span> <span style=\"font-family: Arial; color: #000000;\">und <\/span> <span style=\"font-family: Arial; color: #000000;\">arztbegleiteten Interhospitaltransport <\/span> <span style=\"font-family: Arial; color: #000000;\">verf\u00fcgen. <\/span> <span style=\"font-family: Arial; color: #000000;\">Es <\/span> <span style=\"font-family: Arial; color: #000000;\">ist <\/span> <span style=\"font-family: Arial; color: #000000;\">daher <\/span> <span style=\"font-family: Arial; color: #000000;\">aus <\/span> <span style=\"font-family: Arial; color: #000000;\">unserer <\/span> <span style=\"font-family: Arial; color: #000000;\">Sicht <\/span> <span style=\"font-family: Arial; color: #000000;\">unbedingt <\/span> <span style=\"font-family: Arial; color: #000000;\">erforderlich, <\/span> <span style=\"font-family: Arial; color: #000000;\">dass <\/span> <span style=\"font-family: Arial; color: #000000;\">diese Erfahrungen und auch die einheitliche Qualifikation durch einen DIVI-Intensivtransportkurs oder eine vergleichbare Schulung in das TNA-Curriculum aufgenommen werden. Nur so, kann hier seitens der \u00c4rzteschaft eine Standardisierung erreicht werden. <\/span><\/span><\/p>\n<p><span style=\"font-size: 14pt;\"><span style=\"font-family: Arial; color: #000000;\">Der <\/span> <span style=\"font-family: Arial; color: #000000;\">erw\u00e4hnte <\/span> <span style=\"font-family: Arial; color: #000000;\">Notarztindikationskatalog <\/span> <span style=\"font-family: Arial; color: #000000;\">sollte <\/span> <span style=\"font-family: Arial; color: #000000;\">um <\/span> <span style=\"font-family: Arial; color: #000000;\">die <\/span> <span style=\"font-family: Arial; color: #000000;\">Indikationen <\/span> <span style=\"font-family: Arial; color: #000000;\">f\u00fcr <\/span> <span style=\"font-family: Arial; color: #000000;\">eine <\/span> <span style=\"font-family: Arial; color: #000000;\">telenotfallmedizinische Unterst\u00fctzung erweitert werden. <\/span><\/span><\/p>\n<p><span style=\"font-family: Arial; font-weight: bold; font-size: 14pt; color: #000000;\">Punkt 7: Vernetzung und Datenintegrit\u00e4t <\/span><\/p>\n<p><span style=\"font-size: 14pt;\"><span style=\"font-family: Arial; color: #000000;\">F\u00fcr <\/span> <span style=\"font-family: Arial; color: #000000;\">eine <\/span> <span style=\"font-family: Arial; color: #000000;\">moderne <\/span> <span style=\"font-family: Arial; color: #000000;\">und <\/span> <span style=\"font-family: Arial; color: #000000;\">sektoren\u00fcbergreifende <\/span> <span style=\"font-family: Arial; color: #000000;\">Notfallversorgung <\/span> <span style=\"font-family: Arial; color: #000000;\">ist <\/span> <span style=\"font-family: Arial; color: #000000;\">die <\/span> <span style=\"font-family: Arial; color: #000000;\">medienbruchfreie Datennutzung durch alle am konkreten Fall Beteiligten unbedingt erforderlich. Es m\u00fcssen daher die notwendigen <\/span> <span style=\"font-family: Arial; color: #000000;\">Ressourcen <\/span> <span style=\"font-family: Arial; color: #000000;\">zur <\/span> <span style=\"font-family: Arial; color: #000000;\">Verf\u00fcgung <\/span> <span style=\"font-family: Arial; color: #000000;\">gestellt <\/span> <span style=\"font-family: Arial; color: #000000;\">und <\/span> <span style=\"font-family: Arial; color: #000000;\">die <\/span> <span style=\"font-family: Arial; color: #000000;\">Daten <\/span> <span style=\"font-family: Arial; color: #000000;\">nutzbar <\/span> <span style=\"font-family: Arial; color: #000000;\">gemacht <\/span> <span style=\"font-family: Arial; color: #000000;\">werden. <\/span> <span style=\"font-family: Arial; color: #000000;\">Daher unterst\u00fctzt die BAND die in diesem Punkt genannten Argumente ausdr\u00fccklich. <\/span><\/span><\/p>\n<p><span style=\"font-family: Arial; font-weight: bold; font-size: 14pt; color: #000000;\">Punkt 10: Regionale Strukturen und Besonderheiten <\/span><\/p>\n<p><span style=\"font-size: 14pt;\"><span style=\"font-family: Arial; color: #000000;\">Auch <\/span> <span style=\"font-family: Arial; color: #000000;\">wenn <\/span> <span style=\"font-family: Arial; color: #000000;\">die <\/span> <span style=\"font-family: Arial; color: #000000;\">Not\u00e4rzteschaft <\/span> <span style=\"font-family: Arial; color: #000000;\">naturgem\u00e4\u00df <\/span> <span style=\"font-family: Arial; color: #000000;\">an <\/span> <span style=\"font-family: Arial; color: #000000;\">die <\/span> <span style=\"font-family: Arial; color: #000000;\">\u00c4rztekammern <\/span> <span style=\"font-family: Arial; color: #000000;\">angebunden <\/span> <span style=\"font-family: Arial; color: #000000;\">ist, <\/span> <span style=\"font-family: Arial; color: #000000;\">ist <\/span> <span style=\"font-family: Arial; color: #000000;\">deren Einbindung in die Aktivit\u00e4ten der Kammern nicht \u00fcberall fester Bestandteil. Da die \u00e4rztliche Mitwirkung <\/span><span style=\"font-family: Arial; color: #000000;\">aus <\/span> <span style=\"font-family: Arial; color: #000000;\">Sicht <\/span> <span style=\"font-family: Arial; color: #000000;\">der <\/span> <span style=\"font-family: Arial; color: #000000;\">BAND <\/span> <span style=\"font-family: Arial; color: #000000;\">in <\/span> <span style=\"font-family: Arial; color: #000000;\">keinem <\/span> <span style=\"font-family: Arial; color: #000000;\">Bereich <\/span> <span style=\"font-family: Arial; color: #000000;\">so <\/span> <span style=\"font-family: Arial; color: #000000;\">sehr <\/span> <span style=\"font-family: Arial; color: #000000;\">infrage <\/span> <span style=\"font-family: Arial; color: #000000;\">gestellt <\/span> <span style=\"font-family: Arial; color: #000000;\">ist, <\/span> <span style=\"font-family: Arial; color: #000000;\">wie <\/span> <span style=\"font-family: Arial; color: #000000;\">in <\/span> <span style=\"font-family: Arial; color: #000000;\">der <\/span> <span style=\"font-family: Arial; color: #000000;\">pr\u00e4hospitalen Notfallmedizin, <\/span> <span style=\"font-family: Arial; color: #000000;\">sollten <\/span> <span style=\"font-family: Arial; color: #000000;\">die <\/span> <span style=\"font-family: Arial; color: #000000;\">\u00c4rztekammern <\/span> <span style=\"font-family: Arial; color: #000000;\">aktiv <\/span> <span style=\"font-family: Arial; color: #000000;\">werden <\/span> <span style=\"font-family: Arial; color: #000000;\">und <\/span> <span style=\"font-family: Arial; color: #000000;\">ihrerseits <\/span> <span style=\"font-family: Arial; color: #000000;\">in <\/span> <span style=\"font-family: Arial; color: #000000;\">der <\/span> <span style=\"font-family: Arial; color: #000000;\">Gremienarbeit <\/span> <span style=\"font-family: Arial; color: #000000;\">den Notarztdienst <\/span> <span style=\"font-family: Arial; color: #000000;\">integrieren. <\/span> <span style=\"font-family: Arial; color: #000000;\">Durch <\/span> <span style=\"font-family: Arial; color: #000000;\">Aussch\u00fcsse <\/span> <span style=\"font-family: Arial; color: #000000;\">Notfallmedizin <\/span> <span style=\"font-family: Arial; color: #000000;\">k\u00f6nnte <\/span> <span style=\"font-family: Arial; color: #000000;\">die <\/span> <span style=\"font-family: Arial; color: #000000;\">Vernetzung <\/span> <span style=\"font-family: Arial; color: #000000;\">zwischen <\/span> <span style=\"font-family: Arial; color: #000000;\">den Akteuren in den verschiedenen Bereichen der Notfallversorgung durch die \u00c4rztekammern und damit die \u00c4rzteschaft selbst gef\u00f6rdert und eigene Impulse gesetzt werden. Diese Aussch\u00fcsse k\u00f6nnten auch <\/span><\/span><span style=\"font-family: Arial; font-size: 14pt; color: #000000;\">die sinnvolle Zusammenarbeit aller an der Notfallversorgung beteiligten Berufsgruppen (siehe Punkt11) definieren, f\u00f6rdern und pr\u00e4gen. <\/span><\/p>\n<p><span style=\"font-family: Arial; font-weight: bold; font-size: 14pt; color: #000000;\">Punkt 12: \u00c4rztliche Qualifikationen <\/span><\/p>\n<p><span style=\"font-size: 14pt;\"><span style=\"font-family: Arial; color: #000000;\">\u00c4rzteschaft und \u00e4rztliche Selbstverwaltung sollten die ihnen vielerorts durch gesetzliche Regelungen einger\u00e4umten <\/span> <span style=\"font-family: Arial; color: #000000;\">M\u00f6glichkeiten <\/span> <span style=\"font-family: Arial; color: #000000;\">zur <\/span> <span style=\"font-family: Arial; color: #000000;\">Mitwirkung <\/span> <span style=\"font-family: Arial; color: #000000;\">aktiv <\/span> <span style=\"font-family: Arial; color: #000000;\">nutzen, <\/span> <span style=\"font-family: Arial; color: #000000;\">um <\/span> <span style=\"font-family: Arial; color: #000000;\">die <\/span> <span style=\"font-family: Arial; color: #000000;\">\u00e4rztliche <\/span> <span style=\"font-family: Arial; color: #000000;\">Einbindung <\/span> <span style=\"font-family: Arial; color: #000000;\">in <\/span> <span style=\"font-family: Arial; color: #000000;\">den Rettungs- <\/span> <span style=\"font-family: Arial; color: #000000;\">und <\/span> <span style=\"font-family: Arial; color: #000000;\">Notarztdienst <\/span> <span style=\"font-family: Arial; color: #000000;\">weiter <\/span> <span style=\"font-family: Arial; color: #000000;\">zu <\/span> <span style=\"font-family: Arial; color: #000000;\">entwickeln <\/span> <span style=\"font-family: Arial; color: #000000;\">und <\/span> <span style=\"font-family: Arial; color: #000000;\">zu <\/span> <span style=\"font-family: Arial; color: #000000;\">stabilisieren. <\/span> <span style=\"font-family: Arial; color: #000000;\">Dabei <\/span> <span style=\"font-family: Arial; color: #000000;\">sollte <\/span> <span style=\"font-family: Arial; color: #000000;\">das <\/span> <span style=\"font-family: Arial; color: #000000;\">Ziel, <\/span> <span style=\"font-family: Arial; color: #000000;\">auf \u201e\u00fcberbordende Qualifikationsanforderungen\u201c zu verzichten, nicht dem einer guten Notfallversorgung unter entscheidender \u00e4rztlicher Einbindung entgegenwirken. Es ist aus Sicht der BAND essenziell, dass <\/span> <span style=\"font-family: Arial; color: #000000;\">21 <\/span> <span style=\"font-family: Arial; color: #000000;\">Jahre <\/span> <span style=\"font-family: Arial; color: #000000;\">nach <\/span> <span style=\"font-family: Arial; color: #000000;\">der <\/span> <span style=\"font-family: Arial; color: #000000;\">Einf\u00fchrung <\/span> <span style=\"font-family: Arial; color: #000000;\">der <\/span> <span style=\"font-family: Arial; color: #000000;\">Zusatzweiterbildung <\/span> <span style=\"font-family: Arial; color: #000000;\">Notfallmedizin <\/span> <span style=\"font-family: Arial; color: #000000;\">diese <\/span> <span style=\"font-family: Arial; color: #000000;\">die <\/span> <span style=\"font-family: Arial; color: #000000;\">alleinige Grundqualifikation zur Teilnahme am Notarztdienst darstellt. Die Fachkunde Rettungsdienst darf nicht mehr <\/span> <span style=\"font-family: Arial; color: #000000;\">regul\u00e4r <\/span> <span style=\"font-family: Arial; color: #000000;\">erteilt <\/span> <span style=\"font-family: Arial; color: #000000;\">werden. <\/span> <span style=\"font-family: Arial; color: #000000;\">Sie <\/span> <span style=\"font-family: Arial; color: #000000;\">sollte <\/span> <span style=\"font-family: Arial; color: #000000;\">allenfalls <\/span> <span style=\"font-family: Arial; color: #000000;\">auf <\/span> <span style=\"font-family: Arial; color: #000000;\">Pilotprojekte, <\/span> <span style=\"font-family: Arial; color: #000000;\">in <\/span> <span style=\"font-family: Arial; color: #000000;\">denen <\/span> <span style=\"font-family: Arial; color: #000000;\">seitens <\/span> <span style=\"font-family: Arial; color: #000000;\">des Rettungsdienstes <\/span> <span style=\"font-family: Arial; color: #000000;\">und <\/span> <span style=\"font-family: Arial; color: #000000;\">seiner <\/span> <span style=\"font-family: Arial; color: #000000;\">\u00c4rztlichen <\/span> <span style=\"font-family: Arial; color: #000000;\">Leitung <\/span> <span style=\"font-family: Arial; color: #000000;\">eine <\/span> <span style=\"font-family: Arial; color: #000000;\">entsprechend <\/span> <span style=\"font-family: Arial; color: #000000;\">strukturierte <\/span> <span style=\"font-family: Arial; color: #000000;\">und <\/span> <span style=\"font-family: Arial; color: #000000;\">engmaschige Notarztausbildung geschaffen wurde, beschr\u00e4nkt bleiben. Zus\u00e4tzlich muss die \u00c4rzteschaft die Frage diskutieren, <\/span> <span style=\"font-family: Arial; color: #000000;\">ob <\/span> <span style=\"font-family: Arial; color: #000000;\">es <\/span> <span style=\"font-family: Arial; color: #000000;\">zeitgem\u00e4\u00df <\/span> <span style=\"font-family: Arial; color: #000000;\">ist, <\/span> <span style=\"font-family: Arial; color: #000000;\">diese <\/span> <span style=\"font-family: Arial; color: #000000;\">Zusatzbezeichnung <\/span> <span style=\"font-family: Arial; color: #000000;\">bereits <\/span> <span style=\"font-family: Arial; color: #000000;\">theoretisch <\/span> <span style=\"font-family: Arial; color: #000000;\">nach <\/span> <span style=\"font-family: Arial; color: #000000;\">24 <\/span> <span style=\"font-family: Arial; color: #000000;\">Monaten klinischer Weiterbildung zu erwerben. \u00c4rztinnen und \u00c4rzte sind im Notarztdienst \u00e4rztlich auf sich allein gestellt <\/span> <span style=\"font-family: Arial; color: #000000;\">und <\/span> <span style=\"font-family: Arial; color: #000000;\">werden <\/span> <span style=\"font-family: Arial; color: #000000;\">teils <\/span> <span style=\"font-family: Arial; color: #000000;\">mit <\/span> <span style=\"font-family: Arial; color: #000000;\">hochkomplexen <\/span> <span style=\"font-family: Arial; color: #000000;\">Notfallsituationen <\/span> <span style=\"font-family: Arial; color: #000000;\">konfrontiert. <\/span> <span style=\"font-family: Arial; color: #000000;\">Daneben <\/span> <span style=\"font-family: Arial; color: #000000;\">sind <\/span> <span style=\"font-family: Arial; color: #000000;\">sie <\/span> <span style=\"font-family: Arial; color: #000000;\">im Rettungsdienst <\/span> <span style=\"font-family: Arial; color: #000000;\">an <\/span> <span style=\"font-family: Arial; color: #000000;\">der <\/span> <span style=\"font-family: Arial; color: #000000;\">Seite <\/span> <span style=\"font-family: Arial; color: #000000;\">und <\/span> <span style=\"font-family: Arial; color: #000000;\">auch <\/span> <span style=\"font-family: Arial; color: #000000;\">unter <\/span> <span style=\"font-family: Arial; color: #000000;\">der <\/span> <span style=\"font-family: Arial; color: #000000;\">Beobachtung <\/span> <span style=\"font-family: Arial; color: #000000;\">immer <\/span> <span style=\"font-family: Arial; color: #000000;\">besser <\/span> <span style=\"font-family: Arial; color: #000000;\">qualifizierten Rettungsfachpersonals, das zu Recht die Erwartung an Not\u00e4rztinnen und Not\u00e4rzte richtet, dort t\u00e4tig zu <\/span> <span style=\"font-family: Arial; color: #000000;\">werden, <\/span> <span style=\"font-family: Arial; color: #000000;\">wo <\/span> <span style=\"font-family: Arial; color: #000000;\">die <\/span> <span style=\"font-family: Arial; color: #000000;\">Kompetenzen <\/span> <span style=\"font-family: Arial; color: #000000;\">des <\/span> <span style=\"font-family: Arial; color: #000000;\">Rettungsfachpersonals <\/span> <span style=\"font-family: Arial; color: #000000;\">enden. <\/span> <span style=\"font-family: Arial; color: #000000;\">Die <\/span> <span style=\"font-family: Arial; color: #000000;\">Zusatzweiterbildung <\/span><span style=\"font-family: Arial; color: #000000;\">Notfallmedizin muss daher aus Sicht der BAND erneut novelliert werden. Ma\u00dfgeblich sollte dabei die Weiterbildungsdauer <\/span> <span style=\"font-family: Arial; color: #000000;\">verl\u00e4ngert, <\/span> <span style=\"font-family: Arial; color: #000000;\">die <\/span> <span style=\"font-family: Arial; color: #000000;\">Erfahrung <\/span> <span style=\"font-family: Arial; color: #000000;\">in <\/span> <span style=\"font-family: Arial; color: #000000;\">der <\/span> <span style=\"font-family: Arial; color: #000000;\">Intensivmedizin <\/span> <span style=\"font-family: Arial; color: #000000;\">sowie <\/span> <span style=\"font-family: Arial; color: #000000;\">die <\/span> <span style=\"font-family: Arial; color: #000000;\">Teilnahme <\/span> <span style=\"font-family: Arial; color: #000000;\">an sogenannten NASIM-Kursen obligat und die fl\u00e4chendeckende Einrichtung weiterbildungserm\u00e4chtigter Not\u00e4rzte diskutiert werden. Nur durch eine Steigerung und Sicherung der not\u00e4rztlichen Qualifikation k\u00f6nnen wir als \u00c4rzteschaft den Argumenten f\u00fcr einen arztfreien Rettungsdienst glaubhaft und wirksam entgegentreten. Neben dem Kompetenzerwerb m\u00fcssen die Kammern aus Sicht der BAND unbedingt auch <\/span> <span style=\"font-family: Arial; color: #000000;\">den <\/span> <span style=\"font-family: Arial; color: #000000;\">Kompetenzerhalt <\/span> <span style=\"font-family: Arial; color: #000000;\">adressieren. <\/span> <span style=\"font-family: Arial; color: #000000;\">Dieser <\/span> <span style=\"font-family: Arial; color: #000000;\">ist <\/span> <span style=\"font-family: Arial; color: #000000;\">als <\/span> <span style=\"font-family: Arial; color: #000000;\">wichtige <\/span> <span style=\"font-family: Arial; color: #000000;\">Aufgabe <\/span> <span style=\"font-family: Arial; color: #000000;\">der <\/span> <span style=\"font-family: Arial; color: #000000;\">Selbstverwaltung anzusehen und darf nicht allein der Freiwilligkeit durch \u00c4rztinnen und \u00c4rzte oder Rettungsdiensttr\u00e4ger \u00fcberlassen werden. Es bedarf der Empfehlung \u00fcbergeordneter Stellen, damit er einerseits verl\u00e4sslich durchgef\u00fchrt und andererseits ausk\u00f6mmlich refinanziert werden kann. Die BAND tritt daher f\u00fcr eine Empfehlung zur fachspezifischen Fortbildung f\u00fcr Not\u00e4rztinnen und Not\u00e4rzte ein. <\/span><\/span><\/p>\n<p><span style=\"font-size: 14pt;\"><span style=\"font-family: Arial; color: #000000;\">Die <\/span> <span style=\"font-family: Arial; color: #000000;\">gleichen <\/span> <span style=\"font-family: Arial; color: #000000;\">Anstrengungen <\/span> <span style=\"font-family: Arial; color: #000000;\">m\u00fcssen <\/span> <span style=\"font-family: Arial; color: #000000;\">wir <\/span> <span style=\"font-family: Arial; color: #000000;\">seitens <\/span> <span style=\"font-family: Arial; color: #000000;\">der <\/span> <span style=\"font-family: Arial; color: #000000;\">\u00c4rzteschaft <\/span> <span style=\"font-family: Arial; color: #000000;\">auch <\/span> <span style=\"font-family: Arial; color: #000000;\">bei <\/span> <span style=\"font-family: Arial; color: #000000;\">der <\/span> <span style=\"font-family: Arial; color: #000000;\">Novellierung <\/span> <span style=\"font-family: Arial; color: #000000;\">und kritischen <\/span> <span style=\"font-family: Arial; color: #000000;\">Reevaluation <\/span> <span style=\"font-family: Arial; color: #000000;\">der <\/span> <span style=\"font-family: Arial; color: #000000;\">Qualifizierung <\/span> <span style=\"font-family: Arial; color: #000000;\">f\u00fcr <\/span> <span style=\"font-family: Arial; color: #000000;\">die <\/span> <span style=\"font-family: Arial; color: #000000;\">\u00fcbrigen <\/span> <span style=\"font-family: Arial; color: #000000;\">\u00e4rztlichen <\/span> <span style=\"font-family: Arial; color: #000000;\">Aufgaben <\/span> <span style=\"font-family: Arial; color: #000000;\">im <\/span> <span style=\"font-family: Arial; color: #000000;\">Rettungsdienst unternehmen. <\/span><\/span><\/p>\n<p><span style=\"font-size: 14pt;\"><span style=\"font-family: Arial; color: #000000;\">Die BAND bekr\u00e4ftigt ihr Angebot an die \u00c4rztekammern und Bund und Land, an der Weiterentwicklung des <\/span> <span style=\"font-family: Arial; color: #000000;\">Notarztdienstes <\/span> <span style=\"font-family: Arial; color: #000000;\">mitzuwirken <\/span> <span style=\"font-family: Arial; color: #000000;\">und <\/span> <span style=\"font-family: Arial; color: #000000;\">die <\/span> <span style=\"font-family: Arial; color: #000000;\">Erfahrungen <\/span> <span style=\"font-family: Arial; color: #000000;\">und <\/span> <span style=\"font-family: Arial; color: #000000;\">Expertise <\/span> <span style=\"font-family: Arial; color: #000000;\">aus <\/span> <span style=\"font-family: Arial; color: #000000;\">den <\/span> <span style=\"font-family: Arial; color: #000000;\">Reihen <\/span> <span style=\"font-family: Arial; color: #000000;\">der <\/span> <span style=\"font-family: Arial; color: #000000;\">in <\/span> <span style=\"font-family: Arial; color: #000000;\">der pr\u00e4hospitalen Notfallversorgung Aktiven einzubringen. <\/span><\/span><\/p>\n<p><span style=\"font-family: Arial; font-size: 14pt; color: #000000;\">Mit diesen Gedanken w\u00fcnschen wir Ihnen einen erfolgreichen \u00c4rztetag. <\/span><\/p>\n<p><span style=\"font-family: Arial; font-size: 14pt; color: #000000;\">Berlin, 06.05.2024 <\/span><\/p>\n<p><span style=\"font-family: Arial; font-size: 14pt; color: #000000;\">Dr. Florian Reifferscheid <br>F\u00fcr den Vorstand der BAND e.V. <\/span><\/p>\n<p><span style=\"font-family: Arial; font-weight: bold; font-size: 14pt; color: #575656;\">\u00dcber die BAND e.V. <\/span><\/p>\n<p><span style=\"font-size: 14pt;\"><span style=\"font-family: Arial; color: #000000;\">Die Bundesvereinigung der Arbeitsgemeinschaften der Not\u00e4rzte Deutschlands (BAND) e.V. <\/span> <span style=\"font-family: Arial; color: #000000;\">ist die Dachorganisation der 12 deutschen Notarztarbeitsgemeinschaften. <\/span> <span style=\"font-family: Arial; color: #000000;\">Satzungsgem\u00e4\u00df <\/span> <span style=\"font-family: Arial; color: #000000;\">wahrt <\/span> <span style=\"font-family: Arial; color: #000000;\">sie <\/span> <span style=\"font-family: Arial; color: #000000;\">die <\/span> <span style=\"font-family: Arial; color: #000000;\">\u00fcberregionalen <\/span> <span style=\"font-family: Arial; color: #000000;\">Interessen <\/span> <span style=\"font-family: Arial; color: #000000;\">aller <\/span> <span style=\"font-family: Arial; color: #000000;\">Mitgliedsarbeitsgemeinschaften <\/span> <span style=\"font-family: Arial; color: #000000;\">als <\/span> <span style=\"font-family: Arial; color: #000000;\">deren einheitliche berufspolitische Vertretung in der Notfallmedizin, koordiniert die Aktivit\u00e4ten der Mitgliedsarbeitsgemeinschaften, wirkt auf eine kontinuierliche <\/span> <span style=\"font-family: Arial; color: #000000;\">Verbesserung <\/span> <span style=\"font-family: Arial; color: #000000;\">der <\/span> <span style=\"font-family: Arial; color: #000000;\">notfallmedizinischen <\/span> <span style=\"font-family: Arial; color: #000000;\">Versorgung <\/span> <span style=\"font-family: Arial; color: #000000;\">der <\/span> <span style=\"font-family: Arial; color: #000000;\">Bev\u00f6lkerung <\/span> <span style=\"font-family: Arial; color: #000000;\">und <\/span> <span style=\"font-family: Arial; color: #000000;\">eine <\/span> <span style=\"font-family: Arial; color: #000000;\">bundesweit <\/span> <span style=\"font-family: Arial; color: #000000;\">einheitliche <\/span> <span style=\"font-family: Arial; color: #000000;\">Qualifikation <\/span> <span style=\"font-family: Arial; color: #000000;\">der Not\u00e4rzte hin und leistet die zentrale \u00d6ffentlichkeitsarbeit in der Notfallmedizin f\u00fcr alle Mitgliedsarbeitsgemeinschaften. Insgesamt vertritt sie so die Interessen der \u00fcber 12.000 Not\u00e4rztinnen und Not\u00e4rzten, die Mitglieder in den Arbeitsgemeinschaften sind. Weitere Informationen erhalten Sie im Internet unter <a href=\"https:\/\/www.band-online.de\" target=\"_blank\" rel=\"noopener\">www.band-online.de<\/a>. <\/span><\/span><\/p>\t\t\t\t\t\t\t\t<\/div>\n\t\t\t\t<\/div>\n\t\t\t\t\t<\/div>\n\t\t<\/div>\n\t\t\t\t\t<\/div>\n\t\t<\/section>\n\t\t\t\t<section class=\"elementor-section elementor-top-section elementor-element elementor-element-f6c965c elementor-section-boxed elementor-section-height-default elementor-section-height-default\" data-id=\"f6c965c\" data-element_type=\"section\" data-e-type=\"section\">\n\t\t\t\t\t\t<div class=\"elementor-container elementor-column-gap-default\">\n\t\t\t\t\t<div class=\"elementor-column elementor-col-100 elementor-top-column elementor-element elementor-element-dee3e47\" data-id=\"dee3e47\" data-element_type=\"column\" data-e-type=\"column\">\n\t\t\t<div class=\"elementor-widget-wrap elementor-element-populated\">\n\t\t\t\t\t\t<div class=\"elementor-element elementor-element-27eea84 elementor-widget elementor-widget-text-editor\" data-id=\"27eea84\" data-element_type=\"widget\" data-e-type=\"widget\" data-widget_type=\"text-editor.default\">\n\t\t\t\t<div class=\"elementor-widget-container\">\n\t\t\t\t\t\t\t\t\t<p><span style=\"font-family: arial, helvetica, sans-serif; font-size: 14pt;\"><a href=\"https:\/\/www.agnnw.de\/wp-content\/uploads\/2024\/05\/240506_BAND-Statement-zum-128.-Deutschen-Aerztetag.pdf\" target=\"_blank\" rel=\"noopener\">Download der Datei<\/a><\/span><\/p>\t\t\t\t\t\t\t\t<\/div>\n\t\t\t\t<\/div>\n\t\t\t\t\t<\/div>\n\t\t<\/div>\n\t\t\t\t\t<\/div>\n\t\t<\/section>\n\t\t\t\t<\/div>\n\t\t","protected":false},"excerpt":{"rendered":"<p>07.05.2024 &#8211; BAND-Statement anl\u00e4sslich des 128. Deutschen \u00c4rztetages Anl\u00e4sslich des am 4. April durch die AG Akut- und Notfallmedizin der Bundes\u00e4rztekammer vorgelegte Konzeptpapier \u201eZuk\u00fcnftige Ausgestaltung einer patientengerechten sektoren\u00fcbergreifenden akut- und notfallmedizinischen Versorgung aus \u00e4rztlicher Perspektive\u201c erlauben wir uns seitens der BAND den Delegierten f\u00fcr den Deutschen \u00c4rztetag 2024 einige Gedanken mitzugeben. Wir stimmen den Autoren [&hellip;]<\/p>\n","protected":false},"author":1,"featured_media":5646,"comment_status":"closed","ping_status":"closed","sticky":false,"template":"","format":"standard","meta":{"footnotes":""},"categories":[4],"tags":[],"class_list":["post-8844","post","type-post","status-publish","format-standard","has-post-thumbnail","hentry","category-aktuelles"],"_links":{"self":[{"href":"https:\/\/www.agnnw.de\/index.php?rest_route=\/wp\/v2\/posts\/8844","targetHints":{"allow":["GET"]}}],"collection":[{"href":"https:\/\/www.agnnw.de\/index.php?rest_route=\/wp\/v2\/posts"}],"about":[{"href":"https:\/\/www.agnnw.de\/index.php?rest_route=\/wp\/v2\/types\/post"}],"author":[{"embeddable":true,"href":"https:\/\/www.agnnw.de\/index.php?rest_route=\/wp\/v2\/users\/1"}],"replies":[{"embeddable":true,"href":"https:\/\/www.agnnw.de\/index.php?rest_route=%2Fwp%2Fv2%2Fcomments&post=8844"}],"version-history":[{"count":13,"href":"https:\/\/www.agnnw.de\/index.php?rest_route=\/wp\/v2\/posts\/8844\/revisions"}],"predecessor-version":[{"id":8873,"href":"https:\/\/www.agnnw.de\/index.php?rest_route=\/wp\/v2\/posts\/8844\/revisions\/8873"}],"wp:featuredmedia":[{"embeddable":true,"href":"https:\/\/www.agnnw.de\/index.php?rest_route=\/wp\/v2\/media\/5646"}],"wp:attachment":[{"href":"https:\/\/www.agnnw.de\/index.php?rest_route=%2Fwp%2Fv2%2Fmedia&parent=8844"}],"wp:term":[{"taxonomy":"category","embeddable":true,"href":"https:\/\/www.agnnw.de\/index.php?rest_route=%2Fwp%2Fv2%2Fcategories&post=8844"},{"taxonomy":"post_tag","embeddable":true,"href":"https:\/\/www.agnnw.de\/index.php?rest_route=%2Fwp%2Fv2%2Ftags&post=8844"}],"curies":[{"name":"wp","href":"https:\/\/api.w.org\/{rel}","templated":true}]}}