{"id":7026,"date":"2023-01-01T13:19:04","date_gmt":"2023-01-01T12:19:04","guid":{"rendered":"https:\/\/www.agnnw.de\/?p=7026"},"modified":"2023-03-01T14:08:09","modified_gmt":"2023-03-01T13:08:09","slug":"fall-des-monats-januar-2023","status":"publish","type":"post","link":"https:\/\/www.agnnw.de\/?p=7026","title":{"rendered":"Fall des Monats Januar 2023"},"content":{"rendered":"\t\t<div data-elementor-type=\"wp-post\" data-elementor-id=\"7026\" class=\"elementor elementor-7026\" data-elementor-post-type=\"post\">\n\t\t\t\t\t\t<section class=\"elementor-section elementor-top-section elementor-element elementor-element-5fa4860d elementor-section-full_width elementor-section-height-default elementor-section-height-default\" data-id=\"5fa4860d\" data-element_type=\"section\" data-e-type=\"section\">\n\t\t\t\t\t\t<div class=\"elementor-container elementor-column-gap-default\">\n\t\t\t\t\t<div class=\"elementor-column elementor-col-100 elementor-top-column elementor-element elementor-element-470d1d0f\" data-id=\"470d1d0f\" data-element_type=\"column\" data-e-type=\"column\">\n\t\t\t<div class=\"elementor-widget-wrap elementor-element-populated\">\n\t\t\t\t\t\t<div class=\"elementor-element elementor-element-61bf69cd elementor-widget elementor-widget-text-editor\" data-id=\"61bf69cd\" data-element_type=\"widget\" data-e-type=\"widget\" data-widget_type=\"text-editor.default\">\n\t\t\t\t<div class=\"elementor-widget-container\">\n\t\t\t\t\t\t\t\t\t<u>Alarmierungsmeldung Dienstag nachts gegen 02:30 Uhr:<\/u>\r\n\r\nAlarmierung der Rettungsleitstelle durch die \u00f6rtliche Polizei-Wache, die von einem in seiner Wohnung gefallenen und wohl sturzbedingt nun immobilen Mann (prim\u00e4r anstelle der 112) angerufen worden war.\r\n\r\nAufgrund der Meldung nicht erreichbaren verschlossenen Wohnungst\u00fcr wird die Feuerwehr zeitgleich mit alarmiert.\r\n\r\n<u>Situation am Einsatzort:<\/u>\r\n\r\nDas NEF und der RTW\u00a0 treffen 5 Minuten nach Alarmierung am Einsatzort ein. Die Polizeistreife ist bereits vor Ort.\r\n\r\nDer Einsatz der Feuerwehr ist dann aber nicht mehr erforderlich, da der Patient die Wohnungst\u00fcr doch noch erreichen konnte und die T\u00fcr ge\u00f6ffnet hat.\r\n\r\nIm Wohnungsinneren (direkt hinter der Wohnungst\u00fcr) wird ein 60-j\u00e4hriger m\u00e4\u00dfig adip\u00f6ser Mann in geb\u00fcckter Haltung auf einem Stuhl sitzend vorgefunden. Es sind Blutspuren im Nasen- und Wangenbereich sichtbar\r\n\r\nDer Patient ist wach und ansprechbar und st\u00e4rker agitiert. Es besteht eine erh\u00f6hte Atemfrequenz und der Patient kann sich nur in kurzen S\u00e4tzen artikulieren.\u00a0 Er berichtet, dass er seit\u00a0 3 Tagen an einem grippalen Infekt leide. Zum Arzt sei er aber nicht gegangen , sondern habe sich ein nicht rezeptpflichtiges Grippemittel in der Apotheke besorgt. Aber die seit 3 Tagen bestehende allgemeine Schlappheit habe sich nicht wesentlich gebessert. Auch das Einstellen seines vorher langj\u00e4hrigen Nikotinkonsums vor 3 Tagen habe die Lage nicht verbessert. Jetzt sei er vor ca. 1, 5 Stunden zur Toilette gegangen. Dort sei ihm schwindelig geworden und er sei gest\u00fcrzt und mit dem Gesicht gegen das Waschbecken geprallt. Bewusstlos sei er nicht gewesen. Er k\u00f6nne sich an alles erinnern. Er habe dann aber schw\u00e4chebedingt nicht mehr aufstehen k\u00f6nnen und\u00a0 ca 1 Stunde im Badezimmer gelegen. Dann sei er in den Wohnungsflur gerobbt und habe sein Handy erreicht. Dann habe er versehentlich den Polizeinotruf gew\u00e4hlt. Er f\u00fchle sich sehr schlapp.\r\n\r\nZur seiner Vorgeschichte berichtet der Patient, dass er wegen eines Bluthochdrucks bereits vor l\u00e4ngerer Zeit einen Betablocker verschrieben bekommen habe. Ansonsten seien keine Vorerkrankungen bekannt. Er sei \u00a0kein regelm\u00e4\u00dfiger Arztg\u00e4nger.\r\n\r\n<u>Erstbefund:<\/u>\r\n\r\nDie orientierende Untersuchung des Gesichtbereichs zeigt leichte Blutspuren im Nasen- und Wangenbereich mit Sch\u00fcrfungen ebendort, Keine aktuell aktive Blutung. Keine auff\u00e4lligen\r\n\r\nWeichteilschwellungen oder H\u00e4matome. Keine Deformierung der Nasenkontur. Keine instabilt\u00e4t des Nasen- oder Gesichtssch\u00e4delskeletts. Keine Traumaspuren im Mundh\u00f6hlenbereich. Keine Hinweise auf eine Blutung aus den Geh\u00f6rg\u00e4ngen. Auch behaarter Sch\u00e4del ohne Befund. HWS und\u00a0 thorakolumbale Wirbels\u00e4ule ohne Schmerzbefund.\r\n\r\nDer Allgemeinzustand des 60-j\u00e4hrigen Patienten ist erkennbar beeintr\u00e4chtigt. Die initiale Sauerstoffs\u00e4ttigung liegt bei 99 % . Das Pulsoximeter zeigt eine Pulsfrequenz von 35 an. Erh\u00f6hte Atemfrequenz mit 16-18 Atemz\u00fcgen \/ Min. Lunge auskultatorisch bds frei.\r\n\r\nRR 85 \/ 55 mmHg, Puls auch palpatorisch mit Frequenz um 35 \/ min mit leichter Arrhythmie.\r\n\r\n<u>Erstma\u00dfnahme:<\/u>\r\n\r\nTransfer des Patienten vom Stuhl auf die Trage und Lagerung mit leicht erh\u00f6htem Oberk\u00f6rper. Sofortige Anlage eines i.v.-Zugangs. BZ-Stix von 500 mg \/ dl. Eine Zuckerkrankheit sei nicht bekannt.\r\n\r\nDas abgeleitete 12-Kanal-EKG zeigt den nachfolgenden Befund:\r\n\r\n<a href=\"https:\/\/www.agnnw.de\/wp-content\/uploads\/2022\/12\/EKG-1-scaled-e1672483175433.jpg\" target=\"_blank\" rel=\"noopener\"><img fetchpriority=\"high\" decoding=\"async\" src=\"https:\/\/www.agnnw.de\/wp-content\/uploads\/2022\/12\/EKG-1-scaled-e1672483175433.jpg\" alt=\"\" width=\"600\" height=\"219\" \/><\/a>\r\n\r\n<a href=\"https:\/\/www.agnnw.de\/wp-content\/uploads\/2022\/12\/EKG-2-scaled-e1672483188687.jpg\" target=\"_blank\" rel=\"noopener\"><img decoding=\"async\" src=\"https:\/\/www.agnnw.de\/wp-content\/uploads\/2022\/12\/EKG-2-scaled-e1672483188687.jpg\" alt=\"\" width=\"600\" height=\"221\" \/><\/a>\r\n\r\nFrequenz laut EKG-Monitor: \u00a035 \/ Min. \u00a0RR unver\u00e4ndert 85 \/ 55 mmHg.\r\n\r\nArbeitsdiagnose?\r\n\r\nWeiteres Procedere?\r\n\r\nDr. Gerrit M\u00fcntefering\r\nArzt f\u00fcr Chirurgie \/ Unfallchirurgie \/ Notfallmedizin\r\nLessingstr. 26\r\n47445 Moers\r\n<h1><\/h1>\r\n<h1><\/h1>\r\n<h4>Weiterer pr\u00e4klinischer Verlauf des Januar-Falls:<\/h4>\r\nDie beiden Teilnehmer der Forumsdiskussion sind auf dem richtigen Weg.\r\n\r\nK\u00f6rpertemperatur nach vermutlich l\u00e4ngerem Liegen auf dem Fliesenboden des Badezimmers: 35,7 \u00b0 tympanal\r\n\r\nBei dem vorliegenden AV-Block III \u00b0 mit ventrikul\u00e4rem Ersatzrhythmus wird die Pacing-Bereitschaft hergestellt (Klebeelektroden anterior-posterior) und eine gro\u00dfz\u00fcgige Volumengabe eingeleitet. In Ermangelung von Dobutamin (nicht im Bestand der Fahrzeuge) wird eine Ampulle Akrinor langsam titriert injiziert. Daraufhin Anstieg des Blutdrucks auf 120\/ 70 mmHg und Steigerung der Frequenz auf 90 \/ min.\r\n\r\nDas nun abgeleitete Kontroll-EKG zeigt den folgenden Befund:\r\n\r\n<a href=\"https:\/\/www.agnnw.de\/wp-content\/uploads\/2023\/01\/EKG-3-scaled-e1674301647225.jpg\">\r\n<img decoding=\"async\" src=\"https:\/\/www.agnnw.de\/wp-content\/uploads\/2023\/01\/EKG-3-scaled-e1674301647225-1024x372.jpg\" sizes=\"(max-width: 1024px) 100vw, 1024px\" srcset=\"https:\/\/www.agnnw.de\/wp-content\/uploads\/2023\/01\/EKG-3-scaled-e1674301647225-1024x372.jpg 1024w, https:\/\/www.agnnw.de\/wp-content\/uploads\/2023\/01\/EKG-3-scaled-e1674301647225-300x109.jpg 300w, https:\/\/www.agnnw.de\/wp-content\/uploads\/2023\/01\/EKG-3-scaled-e1674301647225-768x279.jpg 768w, https:\/\/www.agnnw.de\/wp-content\/uploads\/2023\/01\/EKG-3-scaled-e1674301647225-1536x559.jpg 1536w, https:\/\/www.agnnw.de\/wp-content\/uploads\/2023\/01\/EKG-3-scaled-e1674301647225-2048x745.jpg 2048w, https:\/\/www.agnnw.de\/wp-content\/uploads\/2023\/01\/EKG-3-scaled-e1674301647225-410x149.jpg 410w, https:\/\/www.agnnw.de\/wp-content\/uploads\/2023\/01\/EKG-3-scaled-e1674301647225-100x36.jpg 100w, https:\/\/www.agnnw.de\/wp-content\/uploads\/2023\/01\/EKG-3-scaled-e1674301647225-275x100.jpg 275w\" alt=\"\" width=\"1024\" height=\"372\" \/> <\/a>\r\n<a href=\"https:\/\/www.agnnw.de\/wp-content\/uploads\/2023\/01\/EKG-4-scaled-e1674301668137.jpg\">\r\n<img loading=\"lazy\" decoding=\"async\" src=\"https:\/\/www.agnnw.de\/wp-content\/uploads\/2023\/01\/EKG-4-scaled-e1674301668137-1024x374.jpg\" sizes=\"(max-width: 1024px) 100vw, 1024px\" srcset=\"https:\/\/www.agnnw.de\/wp-content\/uploads\/2023\/01\/EKG-4-scaled-e1674301668137-1024x374.jpg 1024w, https:\/\/www.agnnw.de\/wp-content\/uploads\/2023\/01\/EKG-4-scaled-e1674301668137-300x109.jpg 300w, https:\/\/www.agnnw.de\/wp-content\/uploads\/2023\/01\/EKG-4-scaled-e1674301668137-768x280.jpg 768w, https:\/\/www.agnnw.de\/wp-content\/uploads\/2023\/01\/EKG-4-scaled-e1674301668137-1536x560.jpg 1536w, https:\/\/www.agnnw.de\/wp-content\/uploads\/2023\/01\/EKG-4-scaled-e1674301668137-2048x747.jpg 2048w, https:\/\/www.agnnw.de\/wp-content\/uploads\/2023\/01\/EKG-4-scaled-e1674301668137-410x150.jpg 410w, https:\/\/www.agnnw.de\/wp-content\/uploads\/2023\/01\/EKG-4-scaled-e1674301668137-100x36.jpg 100w, https:\/\/www.agnnw.de\/wp-content\/uploads\/2023\/01\/EKG-4-scaled-e1674301668137-275x100.jpg 275w\" alt=\"\" width=\"1024\" height=\"374\" \/> <\/a>\r\n\r\nWeiteres Procedere?\t\t\t\t\t\t\t\t<\/div>\n\t\t\t\t<\/div>\n\t\t\t\t\t<\/div>\n\t\t<\/div>\n\t\t\t\t\t<\/div>\n\t\t<\/section>\n\t\t\t\t<\/div>\n\t\t","protected":false},"excerpt":{"rendered":"<p>Alarmierungsmeldung Dienstag nachts gegen 02:30 Uhr: Alarmierung der Rettungsleitstelle durch die \u00f6rtliche Polizei-Wache, die von einem in seiner Wohnung gefallenen und wohl sturzbedingt nun immobilen Mann (prim\u00e4r anstelle der 112) angerufen worden war. Aufgrund der Meldung nicht erreichbaren verschlossenen Wohnungst\u00fcr wird die Feuerwehr zeitgleich mit alarmiert. Situation am Einsatzort: Das NEF und der RTW\u00a0 treffen [&hellip;]<\/p>\n","protected":false},"author":1,"featured_media":1072,"comment_status":"open","ping_status":"closed","sticky":false,"template":"","format":"standard","meta":{"footnotes":""},"categories":[25],"tags":[37],"class_list":["post-7026","post","type-post","status-publish","format-standard","has-post-thumbnail","hentry","category-fall-des-monats","tag-fall-des-monats"],"_links":{"self":[{"href":"https:\/\/www.agnnw.de\/index.php?rest_route=\/wp\/v2\/posts\/7026","targetHints":{"allow":["GET"]}}],"collection":[{"href":"https:\/\/www.agnnw.de\/index.php?rest_route=\/wp\/v2\/posts"}],"about":[{"href":"https:\/\/www.agnnw.de\/index.php?rest_route=\/wp\/v2\/types\/post"}],"author":[{"embeddable":true,"href":"https:\/\/www.agnnw.de\/index.php?rest_route=\/wp\/v2\/users\/1"}],"replies":[{"embeddable":true,"href":"https:\/\/www.agnnw.de\/index.php?rest_route=%2Fwp%2Fv2%2Fcomments&post=7026"}],"version-history":[{"count":4,"href":"https:\/\/www.agnnw.de\/index.php?rest_route=\/wp\/v2\/posts\/7026\/revisions"}],"predecessor-version":[{"id":7083,"href":"https:\/\/www.agnnw.de\/index.php?rest_route=\/wp\/v2\/posts\/7026\/revisions\/7083"}],"wp:featuredmedia":[{"embeddable":true,"href":"https:\/\/www.agnnw.de\/index.php?rest_route=\/wp\/v2\/media\/1072"}],"wp:attachment":[{"href":"https:\/\/www.agnnw.de\/index.php?rest_route=%2Fwp%2Fv2%2Fmedia&parent=7026"}],"wp:term":[{"taxonomy":"category","embeddable":true,"href":"https:\/\/www.agnnw.de\/index.php?rest_route=%2Fwp%2Fv2%2Fcategories&post=7026"},{"taxonomy":"post_tag","embeddable":true,"href":"https:\/\/www.agnnw.de\/index.php?rest_route=%2Fwp%2Fv2%2Ftags&post=7026"}],"curies":[{"name":"wp","href":"https:\/\/api.w.org\/{rel}","templated":true}]}}