{"id":4156,"date":"2019-05-31T22:27:18","date_gmt":"2019-05-31T20:27:18","guid":{"rendered":"https:\/\/www.agnnw.de\/?p=4156"},"modified":"2021-01-01T12:13:39","modified_gmt":"2021-01-01T11:13:39","slug":"fall-des-monats-juni-2019","status":"publish","type":"post","link":"https:\/\/www.agnnw.de\/?p=4156","title":{"rendered":"Fall des Monats Juni 2019"},"content":{"rendered":"<p>Alarmierungsmeldung Samstag 7:50 Uhr:<\/p>\n<p>78-j\u00e4hriger Mann mit Symptomatik eines akuten Koronarsyndroms, Schrittmachertr\u00e4ger<\/p>\n<p>Eintreffsituation und Vorgeschichte:<\/p>\n<p>NEF und RTW\u00a0 treffen kurz nacheinander ca. 8 Minuten nach Alarmierung an einem Einfamilienhaus im Zentrum einer Kleinstadt ein.<\/p>\n<p>Die Ehefrau des Patienten f\u00fchrt das Rettungsdienst ins Wohnzimmer. Anwesend ist auch der Sohn des Patienten.<\/p>\n<p>Der 78-j\u00e4hrige Mann wird ansprechbar im Sessel sitzend angetroffen. Er gibt an, dass kurz vor dem Aufstehen um ca. 6:00 Uhr Schmerzen im Bereich der linken Thoraxseite aufgetreten seien.<\/p>\n<p>Diese Schmerzen, die eher an der Lateralseite des Thorax lokalisiert werden, seien bei der Inspiration regelm\u00e4\u00dfig verst\u00e4rkt , jedoch in der Exspirationsphase kaum sp\u00fcrbar. Der Patient berichtet, dass er ca. 6 Tage zuvor im Haus gest\u00fcrzt sei mit Prellung der Ges\u00e4\u00df- , R\u00fccken- und Flankenregion. Seitdem seien auch wiederholt Schmerzen aufgetreten, die in die Thoraxregion ausstrahlen w\u00fcrden.<\/p>\n<p>Von der Ehefrau des Patienten wird kurz nach Eintreffen des Rettungsteams bereits darauf hingewiesen, dass ihr Mann in den letzten Jahren nahezu ausschlie\u00dflich \u2013 und zuletzt vor 6 Wochen \u00a0&#8211; in der weiter entfernt liegenden Universit\u00e4tsklinik behandelt worden w\u00e4re (gesch\u00e4tzte Fahrtzeit dorthin : ca. 50 \u00a0Minuten). In dem vor 6 Wochen von internistischen Klinik\u00e4rzten verfassten Entlassungsbericht \u00a0wird mitgeteilt, dass ca. 1 Monat \u00a0zuvor die Implantation eines drug eluting stens ( DES) in den Ramus diagonalis\u00a0 der Coronararterie erforderlich gewesen sei.\u00a0 In diesem Zusammenhang seien auch \u00a02 mittelgradige RIVA-Stenosen beschrieben worden sowie eine mittelgradige Abgangsstenose des Ramus posterolateralis sinister des RCX.\u00a0 Im gleichen station\u00e4ren Aufenthalt sei au\u00dferdem bei kombiniertem Aortenklappenvitium mit hochgradiger Stenose die Implantation einer Aortenklappenprothese erfolgt. Au\u00dferdem musste aufgrund eines AV-Blocks 3. Grades ein DDD-Schrittmacher implantiert werden. Eine chronische Herzinsuffizienz mit allerdings normaler systolischer linksventrikul\u00e4rer Funktion wird beschrieben. Aufgrund einer multifaktoriellen An\u00e4mie bei Erythropoetin-Mangel und Eisenmangel sei der Patient transfusionsbed\u00fcrftig gewesen. Der Versicherte ist seit kurzem aufgrund einer progredienten Niereninsuffizienz dialysepflichtig.<\/p>\n<p>Die aktuelle Medikation erfolgt mit ASS 100 mg, Clopidogrel, Prednisolon, Bisoprolol, Ramipril, HCT, Torasemid, Pregabalin und Simvastatin.<\/p>\n<p>Erstbefund:<\/p>\n<p>78-j\u00e4hriger Patient mit zufriedenstellender Vigilanz und gute Orientierung.<\/p>\n<p>Keine Dyspnoe. Keine Zyanose.<\/p>\n<p>Blutdruck 160\/90 mmHg, Puls 78 mit rhythmischer Herzaktion, Atemfrequenz 12\/min, Sauerstoffs\u00e4ttigung 96%.<\/p>\n<p>Bei der Auskultation des Thorax ergibt sich ein Systolikum \u00fcber Erb. Bei der pulmonalen Auskultation ist Vesikul\u00e4ratmen beidseits h\u00f6rbar, kein abgeschw\u00e4chtes Atemger\u00e4usch. Seitengleiche Atemexkursionen bei Inspiration und Exspiration.<\/p>\n<p>Die Ableitung des 12 Kanal-EKG\u2019s ergibt nachfolgenden Befund:<\/p>\n<p><a href=\"https:\/\/www.agnnw.de\/wp-content\/uploads\/2019\/05\/EKG-1-Juni-Fall-2019.jpg\" target=\"_blank\" rel=\"noopener noreferrer\"><img fetchpriority=\"high\" decoding=\"async\" src=\"https:\/\/www.agnnw.de\/wp-content\/uploads\/2019\/05\/EKG-1-Juni-Fall-2019.jpg\" alt=\"\" width=\"601\" height=\"220\" \/><\/a><\/p>\n<p><a href=\"https:\/\/www.agnnw.de\/wp-content\/uploads\/2019\/05\/EKG-2-Juni-Fall-2019.jpg\" target=\"_blank\" rel=\"noopener noreferrer\"><img decoding=\"async\" src=\"https:\/\/www.agnnw.de\/wp-content\/uploads\/2019\/05\/EKG-2-Juni-Fall-2019.jpg\" alt=\"\" width=\"600\" height=\"220\" \/><\/a><\/p>\n<p>\u00a0<\/p>\n<p>Von der Ehefrau und vom mittlerweile eingetroffenen Sohn des Patienten wird ein sofortiger Transport des Ehemanns \/ Vaters \u00a0in die Universit\u00e4tsklinik f\u00fcr unbedingt notwendig gehalten. Die beiden in der N\u00e4he liegenden Kliniken mit kardiologischer Abteilung, Herzkatheterlabor und M\u00f6glichkeit der Dialyse seien \u2013 nach Ansicht der Angeh\u00f6rigen &#8211; zur Behandlung auf keinen Fall geeignet.<\/p>\n<p>Die o.g. zum Untersuchungsbeginn ermittelten Vitalparameter werden bei der Verlaufskontrolle 10 Minuten sp\u00e4ter unver\u00e4ndert gemessen.<\/p>\n<p>Weiteres Vorgehen ?<\/p>\n<p>Zielklinik ?<\/p>\n<p>Dr. Gerrit M\u00fcntefering<br \/>Chirurgie \/ Unfallchirurgie \/ Notfallmedizin<br \/>Lessingstr. 26<\/p>\n<p>47445 Moers<\/p>\n\n","protected":false},"excerpt":{"rendered":"<p>Alarmierungsmeldung Samstag 7:50 Uhr: 78-j\u00e4hriger Mann mit Symptomatik eines akuten Koronarsyndroms, Schrittmachertr\u00e4ger Eintreffsituation und Vorgeschichte: NEF und RTW\u00a0 treffen kurz nacheinander ca. 8 Minuten nach Alarmierung an einem Einfamilienhaus im Zentrum einer Kleinstadt ein. Die Ehefrau des Patienten f\u00fchrt das Rettungsdienst ins Wohnzimmer. Anwesend ist auch der Sohn des Patienten. Der 78-j\u00e4hrige Mann wird ansprechbar [&hellip;]<\/p>\n","protected":false},"author":21,"featured_media":1072,"comment_status":"open","ping_status":"closed","sticky":false,"template":"","format":"standard","meta":{"footnotes":""},"categories":[25],"tags":[37],"class_list":["post-4156","post","type-post","status-publish","format-standard","has-post-thumbnail","hentry","category-fall-des-monats","tag-fall-des-monats"],"_links":{"self":[{"href":"https:\/\/www.agnnw.de\/index.php?rest_route=\/wp\/v2\/posts\/4156","targetHints":{"allow":["GET"]}}],"collection":[{"href":"https:\/\/www.agnnw.de\/index.php?rest_route=\/wp\/v2\/posts"}],"about":[{"href":"https:\/\/www.agnnw.de\/index.php?rest_route=\/wp\/v2\/types\/post"}],"author":[{"embeddable":true,"href":"https:\/\/www.agnnw.de\/index.php?rest_route=\/wp\/v2\/users\/21"}],"replies":[{"embeddable":true,"href":"https:\/\/www.agnnw.de\/index.php?rest_route=%2Fwp%2Fv2%2Fcomments&post=4156"}],"version-history":[{"count":12,"href":"https:\/\/www.agnnw.de\/index.php?rest_route=\/wp\/v2\/posts\/4156\/revisions"}],"predecessor-version":[{"id":4333,"href":"https:\/\/www.agnnw.de\/index.php?rest_route=\/wp\/v2\/posts\/4156\/revisions\/4333"}],"wp:featuredmedia":[{"embeddable":true,"href":"https:\/\/www.agnnw.de\/index.php?rest_route=\/wp\/v2\/media\/1072"}],"wp:attachment":[{"href":"https:\/\/www.agnnw.de\/index.php?rest_route=%2Fwp%2Fv2%2Fmedia&parent=4156"}],"wp:term":[{"taxonomy":"category","embeddable":true,"href":"https:\/\/www.agnnw.de\/index.php?rest_route=%2Fwp%2Fv2%2Fcategories&post=4156"},{"taxonomy":"post_tag","embeddable":true,"href":"https:\/\/www.agnnw.de\/index.php?rest_route=%2Fwp%2Fv2%2Ftags&post=4156"}],"curies":[{"name":"wp","href":"https:\/\/api.w.org\/{rel}","templated":true}]}}