{"id":11391,"date":"2026-08-28T10:54:59","date_gmt":"2026-08-28T08:54:59","guid":{"rendered":"https:\/\/www.agnnw.de\/?p=11391"},"modified":"2026-08-31T11:02:26","modified_gmt":"2026-08-31T09:02:26","slug":"jahresbericht-2025-deutsches-reanimationsregister","status":"publish","type":"post","link":"https:\/\/www.agnnw.de\/?p=11391","title":{"rendered":"Jahresbericht 2025 Deutsches Reanimationsregister"},"content":{"rendered":"\t\t<div data-elementor-type=\"wp-post\" data-elementor-id=\"11391\" class=\"elementor elementor-11391\" data-elementor-post-type=\"post\">\n\t\t\t\t\t\t<section class=\"elementor-section elementor-top-section elementor-element elementor-element-d5c4266 elementor-section-boxed elementor-section-height-default elementor-section-height-default\" data-id=\"d5c4266\" data-element_type=\"section\" data-e-type=\"section\">\n\t\t\t\t\t\t<div class=\"elementor-container elementor-column-gap-default\">\n\t\t\t\t\t<div class=\"elementor-column elementor-col-100 elementor-top-column elementor-element elementor-element-74b6c50\" data-id=\"74b6c50\" data-element_type=\"column\" data-e-type=\"column\">\n\t\t\t<div class=\"elementor-widget-wrap elementor-element-populated\">\n\t\t\t\t\t\t<div class=\"elementor-element elementor-element-61b9aba elementor-widget elementor-widget-text-editor\" data-id=\"61b9aba\" data-element_type=\"widget\" data-e-type=\"widget\" data-widget_type=\"text-editor.default\">\n\t\t\t\t<div class=\"elementor-widget-container\">\n\t\t\t\t\t\t\t\t\t<p style=\"text-align: left;\"><span style=\"font-family: arial, helvetica, sans-serif; font-size: 14pt;\">Der mittlerweile zehnte \u00f6ffentliche Jahresbericht <\/span><span style=\"font-family: arial, helvetica, sans-serif; font-size: 14pt;\">zur au\u00dferklinischen Reanimation des Deutschen <\/span><span style=\"font-family: arial, helvetica, sans-serif; font-size: 14pt;\">Reanimationsregisters enth\u00e4lt die aktuellen Zah<\/span><span style=\"font-family: arial, helvetica, sans-serif; font-size: 14pt;\">len, Daten und Fakten zur Reanimationsversorgung der<\/span><br \/><span style=\"font-family: arial, helvetica, sans-serif; font-size: 14pt;\">TeilnehmerInnen am Deutschen Reanimationsregister <\/span><span style=\"font-family: arial, helvetica, sans-serif; font-size: 14pt;\">im Jahr 2025.<\/span><br \/><span style=\"font-family: arial, helvetica, sans-serif; font-size: 14pt;\">Dieser \u00f6ffentliche Jahresbericht zur au\u00dferklinischen <\/span><span style=\"font-family: arial, helvetica, sans-serif; font-size: 14pt;\">Reanimation richtet sich an alle Teilnehmenden und <\/span><span style=\"font-family: arial, helvetica, sans-serif; font-size: 14pt;\">die \u00d6ffentlichkeit, um die Reanimationsversorgung in <\/span><span style=\"font-family: arial, helvetica, sans-serif; font-size: 14pt;\">Deutschland \u2013 ganz im Sinne der Bad Boller Reanimati<\/span><span style=\"font-family: arial, helvetica, sans-serif; font-size: 14pt;\">ons- und Notfallgespr\u00e4che und des gesamtgesellschaft<\/span><br \/><span style=\"font-family: arial, helvetica, sans-serif; font-size: 14pt;\">lichen Auftrags [1\u20133] \u2013 weiterzuentwickeln.<\/span><br \/><span style=\"font-family: arial, helvetica, sans-serif; font-size: 14pt;\">Als Grundlage dienen Datens\u00e4tze aus 208 Rettungs<\/span><span style=\"font-family: arial, helvetica, sans-serif; font-size: 14pt;\">diensten, die eine Bev\u00f6lkerung von ca. 37 Millio<\/span><span style=\"font-family: arial, helvetica, sans-serif; font-size: 14pt;\">nen EinwohnerInnen repr\u00e4sentieren. Somit sind f\u00fcr <\/span><span style=\"font-family: arial, helvetica, sans-serif; font-size: 14pt;\">Deutschland durchaus verl\u00e4ssliche Aussagen zur Reani<\/span><span style=\"font-family: arial, helvetica, sans-serif; font-size: 14pt;\">mationsinzidenz, aber auch zur Versorgung dieser Pa<\/span><span style=\"font-family: arial, helvetica, sans-serif; font-size: 14pt;\">tientInnen und zum Behandlungserfolg m\u00f6glich.<\/span><\/p><p><span style=\"font-family: arial, helvetica, sans-serif; font-size: 14pt;\">weiterlesen \u00fcber <\/span><a class=\"d-ib fz-20 lh-26 td-hu tc va-bot mxw-100p\" href=\"https:\/\/www.reanimationsregister.de\/themen\/jahresberichte.html\" target=\"_blank\" rel=\"noopener\" data-yga=\"{&quot;yrspns&quot;:&quot;new&quot;,&quot;yt3pos&quot;:&quot;C&quot;,&quot;yt4&quot;:&quot;title&quot;,&quot;yt4pos&quot;:1,&quot;yt5&quot;:&quot;text&quot;,&quot;yt5pos&quot;:1}\" data-b8c=\"65a53ea7819ed4\" aria-label=\"Home \u2013 www.reanimationsregister.de\" data-y-link-id=\"1bdlky11a89tso06do42\"><span style=\"font-family: arial, helvetica, sans-serif; font-size: 14pt;\">www.reanimationsregister.de<\/span><\/a><\/p>\t\t\t\t\t\t\t\t<\/div>\n\t\t\t\t<\/div>\n\t\t\t\t\t<\/div>\n\t\t<\/div>\n\t\t\t\t\t<\/div>\n\t\t<\/section>\n\t\t\t\t<\/div>\n\t\t","protected":false},"excerpt":{"rendered":"<p>Der mittlerweile zehnte \u00f6ffentliche Jahresbericht zur au\u00dferklinischen Reanimation des Deutschen Reanimationsregisters enth\u00e4lt die aktuellen Zahlen, Daten und Fakten zur Reanimationsversorgung derTeilnehmerInnen am Deutschen Reanimationsregister im Jahr 2025.Dieser \u00f6ffentliche Jahresbericht zur au\u00dferklinischen Reanimation richtet sich an alle Teilnehmenden und die \u00d6ffentlichkeit, um die Reanimationsversorgung in Deutschland \u2013 ganz im Sinne der Bad Boller Reanimations- und Notfallgespr\u00e4che [&hellip;]<\/p>\n","protected":false},"author":1,"featured_media":0,"comment_status":"closed","ping_status":"closed","sticky":false,"template":"","format":"standard","meta":{"footnotes":""},"categories":[4],"tags":[],"class_list":["post-11391","post","type-post","status-publish","format-standard","hentry","category-aktuelles"],"_links":{"self":[{"href":"https:\/\/www.agnnw.de\/index.php?rest_route=\/wp\/v2\/posts\/11391","targetHints":{"allow":["GET"]}}],"collection":[{"href":"https:\/\/www.agnnw.de\/index.php?rest_route=\/wp\/v2\/posts"}],"about":[{"href":"https:\/\/www.agnnw.de\/index.php?rest_route=\/wp\/v2\/types\/post"}],"author":[{"embeddable":true,"href":"https:\/\/www.agnnw.de\/index.php?rest_route=\/wp\/v2\/users\/1"}],"replies":[{"embeddable":true,"href":"https:\/\/www.agnnw.de\/index.php?rest_route=%2Fwp%2Fv2%2Fcomments&post=11391"}],"version-history":[{"count":7,"href":"https:\/\/www.agnnw.de\/index.php?rest_route=\/wp\/v2\/posts\/11391\/revisions"}],"predecessor-version":[{"id":11398,"href":"https:\/\/www.agnnw.de\/index.php?rest_route=\/wp\/v2\/posts\/11391\/revisions\/11398"}],"wp:attachment":[{"href":"https:\/\/www.agnnw.de\/index.php?rest_route=%2Fwp%2Fv2%2Fmedia&parent=11391"}],"wp:term":[{"taxonomy":"category","embeddable":true,"href":"https:\/\/www.agnnw.de\/index.php?rest_route=%2Fwp%2Fv2%2Fcategories&post=11391"},{"taxonomy":"post_tag","embeddable":true,"href":"https:\/\/www.agnnw.de\/index.php?rest_route=%2Fwp%2Fv2%2Ftags&post=11391"}],"curies":[{"name":"wp","href":"https:\/\/api.w.org\/{rel}","templated":true}]}}