{"id":8647,"global_id":"www.agnnw.de?id=8647","global_id_lineage":["www.agnnw.de?id=8647"],"author":"1","status":"publish","date":"2024-02-22 10:48:07","date_utc":"2024-02-22 09:48:07","modified":"2024-02-22 10:59:35","modified_utc":"2024-02-22 09:59:35","url":"https:\/\/www.agnnw.de\/?tribe_events=notfallsonographie-blended-learning","rest_url":"https:\/\/www.agnnw.de\/index.php?rest_route=\/tribe\/events\/v1\/events\/8647","title":"Notfallsonographie Blended Learning  \/ Witten","description":"<p><span style=\"font-family: arial, helvetica, sans-serif; font-size: 14pt;\"><b>Inhalt<\/b><\/span><\/p>\n<p><span style=\"font-family: arial, helvetica, sans-serif; font-size: 14pt;\">Dieser Ultraschallkurs richtet sich an \u00c4rztinnen und \u00c4rzte sowie an Physician Assistants (PA), die in notfallmedizinischen Einrichtungen oder auf Intensivstationen t\u00e4tig sind, aber auch an im Rettungsdienst t\u00e4tige Not\u00e4rztinnen und Not\u00e4rzte sowie \u00c4rztinnen und \u00c4rzte im \u00e4rztlichen Bereitschaftsdienst, die die Ultraschalldiagnostik in der pr\u00e4klinischen Versorgung einsetzen. Der Kurs gibt einen kurzen \u00dcberblick \u00fcber die Physik des Ultraschalls sowie \u00fcber relevante Artefakte. Die Standardschnitte im Rahmen von FAST (Focused Assessment with Sonography in Trauma), die im Notfall beim Patienten eine Blutung im Abdomen, Herzbeutel oder Thorax ausschlie\u00dfen sollen, werden einge\u00fcbt. An Leitsymptomen orientiert werden die Abdominalorgane systematisch untersucht. In diesem Zusammenhang werden die einzelnen Schnittebenen erl\u00e4utert, Normalbefunde und pathologische Befunde erarbeitet und Fehlinterpretationen aufgezeigt. Der Schwerpunkt des Kurses liegt auf der abdominellen Notfallsonographie.<\/span><\/p>\n<p><span style=\"font-family: arial, helvetica, sans-serif; font-size: 14pt;\"><strong>WEBINAR \u2013 VIRTUELLE PR\u00c4SENZ &#8211; 1 UE<\/strong><\/span><br \/>\n<span style=\"font-family: arial, helvetica, sans-serif; font-size: 14pt;\"><strong>WARM UP<br \/>\n<\/strong>Freitag, 7. Juni 2024<\/span><\/p>\n<ul>\n<li><span style=\"font-family: arial, helvetica, sans-serif; font-size: 14pt;\">Vorstellung der Wissenschaftlichen Leitung, Referierenden und Tutoren<\/span><\/li>\n<li><span style=\"font-family: arial, helvetica, sans-serif; font-size: 14pt;\">Erl\u00e4uterungen zum eLearning<\/span><\/li>\n<li><span style=\"font-family: arial, helvetica, sans-serif; font-size: 14pt;\">Kurze Einf\u00fchrung in die Notfallsonographie<\/span><\/li>\n<li><span style=\"font-family: arial, helvetica, sans-serif; font-size: 14pt;\">Ermittlung der klinischen Erfahrungen und F\u00e4higkeiten der Teilnehmenden im Bereich Ultraschall<\/span><\/li>\n<li><span style=\"font-family: arial, helvetica, sans-serif; font-size: 14pt;\">Kompetenzbasierte Einteilung der Gruppen f\u00fcr die Praktischen \u00dcbungen<\/span><\/li>\n<\/ul>\n<p><span style=\"font-family: arial, helvetica, sans-serif; font-size: 14pt;\"><strong>eLEARNING &#8211; 4 UE<br \/>\n<\/strong>Samstag, 8. Juni bis Mittwoch, 26. Juni 2024<\/span><\/p>\n<ul>\n<li><span style=\"font-family: arial, helvetica, sans-serif; font-size: 14pt;\">Sonoanatomie und Schnittebenen<\/span><\/li>\n<\/ul>\n<ul>\n<li>\n<ul>\n<li><span style=\"font-family: arial, helvetica, sans-serif; font-size: 14pt;\">Abdomen &#8211; Gef\u00e4\u00dfe<\/span><\/li>\n<li><span style=\"font-family: arial, helvetica, sans-serif; font-size: 14pt;\">Abdomen &#8211; Leber, GB und DHC<\/span><\/li>\n<li><span style=\"font-family: arial, helvetica, sans-serif; font-size: 14pt;\">Abdomen &#8211; UGT und Milz<\/span><\/li>\n<li><span style=\"font-family: arial, helvetica, sans-serif; font-size: 14pt;\">Lunge<\/span><\/li>\n<li><span style=\"font-family: arial, helvetica, sans-serif; font-size: 14pt;\">Tiefe Beinvenenthrombose<\/span><\/li>\n<\/ul>\n<\/li>\n<\/ul>\n<p><span style=\"font-family: arial, helvetica, sans-serif; font-size: 14pt;\"><strong>PHYSISCHE PR\u00c4SENZ &#8211; 17 UE<\/strong><\/span><br \/>\n<span style=\"font-family: arial, helvetica, sans-serif; font-size: 14pt;\"><strong>VORTR\u00c4GE UND PRAKTISCHEN \u00dcBUNGEN<\/strong><\/span><br \/>\n<span style=\"font-family: arial, helvetica, sans-serif; font-size: 14pt;\">Donnerstag\/Freitag, 27.\/28 Juni 2024<\/span><\/p>\n<ul>\n<li><span style=\"font-family: arial, helvetica, sans-serif; font-size: 14pt;\">Focused Assessment with Sonography in Trauma (FAST und eFAST)<\/span><\/li>\n<li><span style=\"font-family: arial, helvetica, sans-serif; font-size: 14pt;\">Abdomen &#8211; Gef\u00e4\u00dfe<\/span><\/li>\n<li><span style=\"font-family: arial, helvetica, sans-serif; font-size: 14pt;\">Abdomen &#8211; Leber \/ Gallenblase \/ Gallenwege (DHC), Pankreas<\/span><\/li>\n<li><span style=\"font-family: arial, helvetica, sans-serif; font-size: 14pt;\">Abdomen &#8211; Unterer Gastrointestinaltrakt \/ Milz<\/span><\/li>\n<li><span style=\"font-family: arial, helvetica, sans-serif; font-size: 14pt;\">Intraoperative Sonographie (INVUS)<\/span><\/li>\n<li><span style=\"font-family: arial, helvetica, sans-serif; font-size: 14pt;\">Tiefe Beinvenenthrombose (TVT)<\/span><\/li>\n<li><span style=\"font-family: arial, helvetica, sans-serif; font-size: 14pt;\">Lungensonographie in der Akutdiagnostik<\/span><\/li>\n<li><span style=\"font-family: arial, helvetica, sans-serif; font-size: 14pt;\">Herz \u2013 FATE-Verfahren<\/span><\/li>\n<li><span style=\"font-family: arial, helvetica, sans-serif; font-size: 14pt;\">RUSH-Konzept<\/span><\/li>\n<\/ul>\n<p><span style=\"font-family: arial, helvetica, sans-serif; font-size: 14pt;\"><strong>WEBINAR \u2013 VIRTUELLE PR\u00c4SENZ &#8211; 1 UE<\/strong><\/span><br \/>\n<span style=\"font-family: arial, helvetica, sans-serif; font-size: 14pt;\"><strong>FALLBESPRECHUNGEN \/ EVALUATION<\/strong><\/span><br \/>\n<span style=\"font-family: arial, helvetica, sans-serif; font-size: 14pt;\">Freitag, 19. Juli 2024<\/span><\/p>\n<ul>\n<li><span style=\"font-family: arial, helvetica, sans-serif; font-size: 14pt;\">Klinische F\u00e4lle mit Pathologien<\/span><\/li>\n<li><span style=\"font-family: arial, helvetica, sans-serif; font-size: 14pt;\">Teilnehmenden-Feedback \/ Evaluation<\/span><\/li>\n<\/ul>\n<p><span style=\"font-family: arial, helvetica, sans-serif; font-size: 14pt;\"><b>Zielgruppe<\/b><\/span><\/p>\n<p><span style=\"font-family: arial, helvetica, sans-serif; font-size: 14pt;\">f\u00fcr \u00c4rztinnen und \u00c4rzte sowie Physician Assistants (PA) mit Erfahrung im Ultraschall<\/span><\/p>\n<p><span style=\"font-family: arial, helvetica, sans-serif; font-size: 14pt;\"><b>Voraussetzung<\/b><\/span><\/p>\n<div><span style=\"font-family: arial, helvetica, sans-serif; font-size: 14pt;\">Erfahrung mit Ultraschall<\/span><\/div>\n<p><span style=\"font-family: arial, helvetica, sans-serif; font-size: 14pt;\"><b>Sonstiges<\/b><\/span><\/p>\n<p><span style=\"font-family: arial, helvetica, sans-serif; font-size: 14pt;\">Begrenzte Teilnehmerzahl!<\/span><\/p>\n<p><span style=\"font-family: arial, helvetica, sans-serif; font-size: 14pt;\"><b>Termin<\/b><\/span><br \/>\n<span style=\"font-family: arial, helvetica, sans-serif; font-size: 14pt;\">Fr, 07.06.2024 16:00 &#8211; 17:00 Uhr<\/span><br \/>\n<span style=\"font-family: arial, helvetica, sans-serif; font-size: 14pt;\">Do, 27.06.2024 09:00 &#8211; 17:10 Uhr<\/span><br \/>\n<span style=\"font-family: arial, helvetica, sans-serif; font-size: 14pt;\">Fr, 28.06.2024 09:00 &#8211; 16:30 Uhr<\/span><br \/>\n<span style=\"font-family: arial, helvetica, sans-serif; font-size: 14pt;\">Fr, 19.07.2024 17:00 &#8211; 18:00 Uhr<\/span><\/p>\n<p><span style=\"font-family: arial, helvetica, sans-serif; font-size: 14pt;\"><strong>Veranstaltungsort<\/strong><\/span><br \/>\n<span style=\"font-family: arial, helvetica, sans-serif; font-size: 14pt;\">Evang. Krankenhaus Witten gGmbH<\/span><br \/>\n<span style=\"font-family: arial, helvetica, sans-serif; font-size: 14pt;\">Pferdebachstr. 27<\/span><br \/>\n<span style=\"font-family: arial, helvetica, sans-serif; font-size: 14pt;\">58455 Witten<\/span><\/p>\n<p><span style=\"font-family: arial, helvetica, sans-serif; font-size: 14pt;\"><strong>Teilnehmergeb\u00fchren<\/strong><\/span><\/p>\n<p>&nbsp;<\/p>\n<table cellspacing=\"0\" cellpadding=\"0\">\n<tbody>\n<tr>\n<td valign=\"top\"><span style=\"font-family: arial, helvetica, sans-serif; font-size: 14pt;\">Arbeitslos\/Elternzeit<\/span><\/td>\n<td valign=\"top\"><span style=\"font-family: arial, helvetica, sans-serif; font-size: 14pt;\">599,00 \u20ac<\/span><\/td>\n<\/tr>\n<tr>\n<td valign=\"top\"><span style=\"font-family: arial, helvetica, sans-serif; font-size: 14pt;\">Mitglied der Akademie f\u00fcr medizinische Fortbildung<\/span><\/td>\n<td valign=\"top\"><span style=\"font-family: arial, helvetica, sans-serif; font-size: 14pt;\">699,00 \u20ac<\/span><\/td>\n<\/tr>\n<tr>\n<td valign=\"top\"><span style=\"font-family: arial, helvetica, sans-serif; font-size: 14pt;\">Nichtmitglied der Akademie f\u00fcr medizinische Fortbildung<\/span><\/td>\n<td valign=\"top\"><span style=\"font-family: arial, helvetica, sans-serif; font-size: 14pt;\">799,00 \u20ac<\/span><\/td>\n<\/tr>\n<\/tbody>\n<\/table>\n<p>&nbsp;<\/p>\n<p><span style=\"font-family: arial, helvetica, sans-serif; font-size: 14pt;\"><strong>Fortbildungspunkte<\/strong><\/span><br \/>\n<span style=\"font-family: arial, helvetica, sans-serif; font-size: 14pt;\">27 Punkte, Kategorie K<\/span><\/p>\n<p><span style=\"font-family: arial, helvetica, sans-serif; font-size: 14pt;\"><strong>Wissenschaftliche Leitung<\/strong><\/span><br \/>\n<span style=\"font-family: arial, helvetica, sans-serif; font-size: 14pt;\">Dr. med. Benjamin Bode<\/span><br \/>\n<span style=\"font-family: arial, helvetica, sans-serif; font-size: 14pt;\">Dr. med. Mario Iasevoli<\/span><\/p>\n<p><span style=\"font-family: arial, helvetica, sans-serif; font-size: 14pt;\"><strong>Anzahl der verf\u00fcgbaren Pl\u00e4tze<\/strong><\/span><br \/>\n<span style=\"font-family: arial, helvetica, sans-serif; font-size: 14pt;\">26<\/span><\/p>\n<p><span style=\"font-family: arial, helvetica, sans-serif; font-size: 14pt;\"><b>Kontakt<\/b><\/span><br \/>\n<span style=\"font-family: arial, helvetica, sans-serif; font-size: 14pt;\">Alexander Ott<\/span><br \/>\n<span style=\"font-family: arial, helvetica, sans-serif; font-size: 14pt;\"><img decoding=\"async\" src=\"https:\/\/seminare.akademie-wl.de\/style\/aekwl\/icons\/i_tel.gif\" \/>\u00a0Telefon 0251 929-2214<\/span><br \/>\n<span style=\"font-family: arial, helvetica, sans-serif; font-size: 14pt;\"><img decoding=\"async\" src=\"https:\/\/seminare.akademie-wl.de\/style\/aekwl\/icons\/i_email.gif\" \/>\u00a0<a href=\"mailto:alexander.ott@aekwl.de\">alexander.ott@aekwl.de<\/a><\/span><\/p>\n<p><span style=\"font-family: arial, helvetica, sans-serif; font-size: 14pt;\"><a href=\"https:\/\/www.agnnw.de\/wp-content\/uploads\/2024\/02\/FAST-A4-2024.pdf\">Flyer Download<\/a><\/span><\/p>","excerpt":"","slug":"notfallsonographie-blended-learning","image":{"url":"https:\/\/www.agnnw.de\/wp-content\/uploads\/2024\/02\/AeKWL_Akademie.jpg","id":8644,"extension":"jpg","width":458,"height":254,"filesize":25028,"sizes":{"medium":{"width":300,"height":166,"mime-type":"image\/jpeg","filesize":8671,"url":"https:\/\/www.agnnw.de\/wp-content\/uploads\/2024\/02\/AeKWL_Akademie-300x166.jpg"},"thumbnail":{"width":100,"height":100,"mime-type":"image\/jpeg","filesize":3128,"url":"https:\/\/www.agnnw.de\/wp-content\/uploads\/2024\/02\/AeKWL_Akademie-100x100.jpg"},"perth-medium-thumb":{"width":410,"height":227,"mime-type":"image\/jpeg","filesize":13422,"url":"https:\/\/www.agnnw.de\/wp-content\/uploads\/2024\/02\/AeKWL_Akademie-410x227.jpg"},"perth-small-thumb":{"width":100,"height":55,"mime-type":"image\/jpeg","filesize":1852,"url":"https:\/\/www.agnnw.de\/wp-content\/uploads\/2024\/02\/AeKWL_Akademie-100x55.jpg"},"perth-client-thumb":{"width":275,"height":153,"mime-type":"image\/jpeg","filesize":7937,"url":"https:\/\/www.agnnw.de\/wp-content\/uploads\/2024\/02\/AeKWL_Akademie-275x153.jpg"}}},"all_day":true,"start_date":"2024-06-27 00:00:00","start_date_details":{"year":"2024","month":"06","day":"27","hour":"00","minutes":"00","seconds":"00"},"end_date":"2024-06-28 23:59:59","end_date_details":{"year":"2024","month":"06","day":"28","hour":"23","minutes":"59","seconds":"59"},"utc_start_date":"2024-06-26 22:00:00","utc_start_date_details":{"year":"2024","month":"06","day":"26","hour":"22","minutes":"00","seconds":"00"},"utc_end_date":"2024-06-28 21:59:59","utc_end_date_details":{"year":"2024","month":"06","day":"28","hour":"21","minutes":"59","seconds":"59"},"timezone":"Europe\/Berlin","timezone_abbr":"CEST","cost":"","cost_details":{"currency_symbol":"","currency_code":"","currency_position":"suffix","values":[]},"website":"https:\/\/seminare.akademie-wl.de\/index.cfm?seite=veranstaltungsliste&amp;l=4463","show_map":true,"show_map_link":true,"hide_from_listings":false,"sticky":false,"featured":false,"categories":[{"name":"Notarztfortbildung","slug":"notarztfortbildung","term_group":0,"term_taxonomy_id":46,"taxonomy":"tribe_events_cat","description":"","parent":0,"count":21,"filter":"raw","id":46,"urls":{"self":"https:\/\/www.agnnw.de\/index.php?rest_route=\/tribe\/events\/v1\/categories\/46","collection":"https:\/\/www.agnnw.de\/index.php?rest_route=\/tribe\/events\/v1\/categories"}}],"tags":[],"venue":{"id":8648,"author":"1","status":"publish","date":"2024-02-22 10:48:07","date_utc":"2024-02-22 09:48:07","modified":"2024-02-22 10:48:07","modified_utc":"2024-02-22 09:48:07","url":"https:\/\/www.agnnw.de\/?tribe_venue=evang-krankenhaus-witten-ggmbh","venue":"Evang. Krankenhaus Witten gGmbH","slug":"evang-krankenhaus-witten-ggmbh","address":"Pferdebachstr. 27","city":"Witten","country":"Deutschland","province":"NRW","zip":"58455","stateprovince":"NRW","json_ld":{"@type":"Place","name":"Evang. Krankenhaus Witten gGmbH","description":"","url":"","address":{"@type":"PostalAddress","streetAddress":"Pferdebachstr. 27","addressLocality":"Witten","addressRegion":"NRW","postalCode":"58455","addressCountry":"Deutschland"},"telephone":"","sameAs":""},"show_map":true,"show_map_link":true,"global_id":"www.agnnw.de?id=8648","global_id_lineage":["www.agnnw.de?id=8648"]},"organizer":[{"id":4039,"author":"1","status":"publish","date":"2019-04-03 18:46:59","date_utc":"2019-04-03 16:46:59","modified":"2022-01-10 16:58:21","modified_utc":"2022-01-10 15:58:21","url":"https:\/\/www.agnnw.de\/?tribe_organizer=aekwl","organizer":"AEKWL","slug":"aekwl","website":"https:\/\/www.akademie-wl.de\/fortbildungskatalog\/","json_ld":{"@type":"Person","name":"AEKWL","description":"","url":"https:\/\/www.akademie-wl.de\/fortbildungskatalog\/","telephone":"","email":"","sameAs":"https:\/\/www.akademie-wl.de\/fortbildungskatalog\/"},"global_id":"www.agnnw.de?id=4039","global_id_lineage":["www.agnnw.de?id=4039"]}],"custom_fields":[],"json_ld":{"@context":"http:\/\/schema.org","@type":"Event","name":"Notfallsonographie Blended Learning  \/ Witten","description":"&lt;p&gt;Inhalt Dieser Ultraschallkurs richtet sich an \u00c4rztinnen und \u00c4rzte sowie an Physician Assistants (PA), die in notfallmedizinischen Einrichtungen oder auf Intensivstationen t\u00e4tig sind, aber auch an im Rettungsdienst t\u00e4tige Not\u00e4rztinnen und Not\u00e4rzte sowie \u00c4rztinnen und \u00c4rzte im \u00e4rztlichen Bereitschaftsdienst, die die Ultraschalldiagnostik in der pr\u00e4klinischen Versorgung einsetzen. Der Kurs gibt einen kurzen \u00dcberblick \u00fcber die [&hellip;]&lt;\/p&gt;\\n","image":"https:\/\/www.agnnw.de\/wp-content\/uploads\/2024\/02\/AeKWL_Akademie.jpg","url":"https:\/\/www.agnnw.de\/?tribe_events=notfallsonographie-blended-learning","eventAttendanceMode":"https:\/\/schema.org\/OfflineEventAttendanceMode","eventStatus":"https:\/\/schema.org\/EventScheduled","startDate":"2024-06-27T00:00:00+02:00","endDate":"2024-06-28T23:59:59+02:00","location":{"@type":"Place","name":"Evang. Krankenhaus Witten gGmbH","description":"","url":"","address":{"@type":"PostalAddress","streetAddress":"Pferdebachstr. 27","addressLocality":"Witten","addressRegion":"NRW","postalCode":"58455","addressCountry":"Deutschland"},"telephone":"","sameAs":""},"organizer":{"@type":"Person","name":"AEKWL","description":"","url":"https:\/\/www.akademie-wl.de\/fortbildungskatalog\/","telephone":"","email":"","sameAs":"https:\/\/www.akademie-wl.de\/fortbildungskatalog\/"},"performer":"Organization"}}