{"id":7411,"global_id":"www.agnnw.de?id=7411","global_id_lineage":["www.agnnw.de?id=7411"],"author":"1","status":"publish","date":"2023-05-12 10:08:11","date_utc":"2023-05-12 08:08:11","modified":"2023-05-12 10:12:48","modified_utc":"2023-05-12 08:12:48","url":"https:\/\/www.agnnw.de\/?tribe_events=intensivseminar-kindernotfaelle-muenster","rest_url":"https:\/\/www.agnnw.de\/index.php?rest_route=\/tribe\/events\/v1\/events\/7411","title":"Intensivseminar Kindernotf\u00e4lle \/ M\u00fcnster","description":"<p>THEORIE UND PRAKTISCHE \u00dcBUNGEN<\/p>\n<p>VORTR\u00c4GE<br \/>\n&#8211; Physiologische Besonderheiten bei Kleinkindern<br \/>\n&#8211; Alltagsnotf\u00e4lle<br \/>\n&#8211; Prinzipien der Traumaversorgung<br \/>\n&#8211; Atemwegserkrankungen<br \/>\n&#8211; Anaphylaxie<br \/>\n&#8211; Intoxikationen<br \/>\n&#8211; Kindeswohlgef\u00e4hrdung<\/p>\n<p>PRAKTISCHE \u00dcBUNGEN<br \/>\n&#8211; Airwaymanagement<br \/>\n&#8211; Schwierige ven\u00f6se und oss\u00e4re Zug\u00e4nge<br \/>\n&#8211; Traumamanagement<br \/>\n&#8211; Neugeborenen Erstversorgung<\/p>\n<p>Das Intensivseminar Kindernotf\u00e4lle richtet sich an An\u00e4sthesisten, Allgemeinmediziner, Kinder- und Jugendmediziner und an alle \u00c4rztinnen und \u00c4rzte im \u00e4rztlichen Notfall- und Bereitschaftsdienst. Die in den Mu\u0308nsteraner Krankenh\u00e4usern bzw. Kliniken verantwortlichen An\u00e4sthesisten und P\u00e4diater haben sich zusammengeschlossen und gemeinsam mit der Akademie fu\u0308r medizinische Fortbildung der \u00c4KWL und der KVWL eine sehr praxisorientierte Fortbildung \u201eKindernotf\u00e4lle\u201c entwickelt. Die praktischen \u00dcbungen, die in Kleingruppen stattfinden, nehmen die H\u00e4lfte der insgesamt 8 Unterrichtseinheiten umfassenden Fortbildung ein. Ziele der Fortbildung sind, den Teilnehmenden mehr Sicherheit im Umgang mit Notfallsituationen im Kindesalter zu vermitteln und die interdisziplin\u00e4re und interprofessionelle Zusammenarbeit zu f\u00f6rdern.<\/p>\n<p>Wissenschaftliche Leitung<br \/>\nDr. med. Christian Albiker, \u00c4rztlicher Leiter FranizskusSIM, St. Franziskus Hospital Mu\u0308nster<br \/>\nDr. med. Christian Erker, Leitender Arzt Kompetenzzentrum Kinderan\u00e4sthesie, St. Franziskus Hospital Mu\u0308nster<br \/>\nErweitertes wissenschaftliches Leitungsteam<br \/>\nMarcus Breyer, Herz-Jesu-Krankenhaus, Mu\u0308nster-Hiltrup<br \/>\nChristine Dornbusch, St. Franziskus Hospital Mu\u0308nster<br \/>\nDr. med. Tim Gu\u0308\u00df, \u00c4rztlicher Leiter UKM Trainingszentrum, Universit\u00e4tsklinik Mu\u0308nster<br \/>\nDr. med. Georg Hu\u0308lskamp, Chefarzt der Klinik fu\u0308r Kinder- und Jugendmedizin, Clemenshospital Mu\u0308nster<br \/>\nDr. med. Simon Oeckenp\u00f6hler, Klinik fu\u0308r Unfall-, Hand- und Wiederherstellungschirurgie des UKM, Mu\u0308nster<br \/>\nUniv.-Prof. Dr. med. Heymut Omran, Direktor der Klinik fu\u0308r Kinder- und Jugendmedizin, Allgemeine P\u00e4diatrie des UKM, Mu\u0308nster<br \/>\nStefan Reinke, Klinik fu\u0308r Kinder- und Jugendmedizin, P\u00e4diatrische H\u00e4matologie und Onkologie, UKM, Mu\u0308nster<br \/>\nDr. med. Katharina Schulze-Oechtering, UKM Trainingszentrum, Universit\u00e4tsklinik Mu\u0308nster<\/p>\n<p>Organisatorische Leitung<br \/>\nElisabeth Borg, Leiterin Ressort Fortbildung der \u00c4rztekammer Westfalen-Lippe<\/p>\n<p>Auskunft und schriftliche Anmeldung<br \/>\nAkademie fu\u0308r medizinische Fortbildung der \u00c4KWL und der KVWL, Postfach 40 67, 48022 Mu\u0308nster,<br \/>\nAnsprechpartner: Alexander Ott, Tel.: 0251 929 &#8211; 2214, Fax: 0251 929 \u2013 27 2214,<br \/>\nE-Mail: alexander.ott@aekwl.de<\/p>","excerpt":"","slug":"intensivseminar-kindernotfaelle-muenster","image":{"url":"https:\/\/www.agnnw.de\/wp-content\/uploads\/2023\/05\/Intensivseminar-Kindernotfaelle.jpg","id":7412,"extension":"jpg","width":2538,"height":2314,"filesize":429648,"sizes":{"medium":{"width":300,"height":274,"mime-type":"image\/jpeg","filesize":14591,"url":"https:\/\/www.agnnw.de\/wp-content\/uploads\/2023\/05\/Intensivseminar-Kindernotfaelle-300x274.jpg"},"large":{"width":1024,"height":934,"mime-type":"image\/jpeg","filesize":84988,"url":"https:\/\/www.agnnw.de\/wp-content\/uploads\/2023\/05\/Intensivseminar-Kindernotfaelle-1024x934.jpg"},"thumbnail":{"width":150,"height":100,"mime-type":"image\/jpeg","filesize":4960,"url":"https:\/\/www.agnnw.de\/wp-content\/uploads\/2023\/05\/Intensivseminar-Kindernotfaelle-150x100.jpg"},"medium_large":{"width":768,"height":700,"mime-type":"image\/jpeg","filesize":54142,"url":"https:\/\/www.agnnw.de\/wp-content\/uploads\/2023\/05\/Intensivseminar-Kindernotfaelle-768x700.jpg"},"1536x1536":{"width":1536,"height":1400,"mime-type":"image\/jpeg","filesize":144793,"url":"https:\/\/www.agnnw.de\/wp-content\/uploads\/2023\/05\/Intensivseminar-Kindernotfaelle-1536x1400.jpg"},"2048x2048":{"width":2048,"height":1867,"mime-type":"image\/jpeg","filesize":220998,"url":"https:\/\/www.agnnw.de\/wp-content\/uploads\/2023\/05\/Intensivseminar-Kindernotfaelle-2048x1867.jpg"},"perth-medium-thumb":{"width":410,"height":374,"mime-type":"image\/jpeg","filesize":22938,"url":"https:\/\/www.agnnw.de\/wp-content\/uploads\/2023\/05\/Intensivseminar-Kindernotfaelle-410x374.jpg"},"perth-small-thumb":{"width":100,"height":91,"mime-type":"image\/jpeg","filesize":3187,"url":"https:\/\/www.agnnw.de\/wp-content\/uploads\/2023\/05\/Intensivseminar-Kindernotfaelle-100x91.jpg"},"perth-client-thumb":{"width":275,"height":251,"mime-type":"image\/jpeg","filesize":13459,"url":"https:\/\/www.agnnw.de\/wp-content\/uploads\/2023\/05\/Intensivseminar-Kindernotfaelle-275x251.jpg"}}},"all_day":false,"start_date":"2023-09-16 09:00:00","start_date_details":{"year":"2023","month":"09","day":"16","hour":"09","minutes":"00","seconds":"00"},"end_date":"2023-09-16 17:30:00","end_date_details":{"year":"2023","month":"09","day":"16","hour":"17","minutes":"30","seconds":"00"},"utc_start_date":"2023-09-16 07:00:00","utc_start_date_details":{"year":"2023","month":"09","day":"16","hour":"07","minutes":"00","seconds":"00"},"utc_end_date":"2023-09-16 15:30:00","utc_end_date_details":{"year":"2023","month":"09","day":"16","hour":"15","minutes":"30","seconds":"00"},"timezone":"Europe\/Berlin","timezone_abbr":"CEST","cost":"","cost_details":{"currency_symbol":"","currency_code":"","currency_position":"suffix","values":[]},"website":"","show_map":true,"show_map_link":true,"hide_from_listings":false,"sticky":false,"featured":false,"categories":[{"name":"Notarztfortbildung","slug":"notarztfortbildung","term_group":0,"term_taxonomy_id":46,"taxonomy":"tribe_events_cat","description":"","parent":0,"count":21,"filter":"raw","id":46,"urls":{"self":"https:\/\/www.agnnw.de\/index.php?rest_route=\/tribe\/events\/v1\/categories\/46","collection":"https:\/\/www.agnnw.de\/index.php?rest_route=\/tribe\/events\/v1\/categories"}}],"tags":[{"name":"Notfallkurs KInder","slug":"notfallkurs-kinder","term_group":0,"term_taxonomy_id":69,"taxonomy":"post_tag","description":"","parent":0,"count":2,"filter":"raw","id":69,"urls":{"self":"https:\/\/www.agnnw.de\/index.php?rest_route=\/tribe\/events\/v1\/tags\/69","collection":"https:\/\/www.agnnw.de\/index.php?rest_route=\/tribe\/events\/v1\/tags"}}],"venue":{"id":7414,"author":"1","status":"publish","date":"2023-05-12 10:08:11","date_utc":"2023-05-12 08:08:11","modified":"2023-05-12 10:08:11","modified_utc":"2023-05-12 08:08:11","url":"https:\/\/www.agnnw.de\/?tribe_venue=st-franziskus-hospital-muenster","venue":"St. Franziskus-Hospital M\u00fcnster","slug":"st-franziskus-hospital-muenster","address":"Hohenzollernring 70","city":"M\u00fcnster","country":"Deutschland","province":"NRW","zip":"48149","stateprovince":"NRW","json_ld":{"@type":"Place","name":"St. Franziskus-Hospital M\u00fcnster","description":"","url":"","address":{"@type":"PostalAddress","streetAddress":"Hohenzollernring 70","addressLocality":"M\u00fcnster","addressRegion":"NRW","postalCode":"48149","addressCountry":"Deutschland"},"telephone":"","sameAs":""},"show_map":true,"show_map_link":true,"global_id":"www.agnnw.de?id=7414","global_id_lineage":["www.agnnw.de?id=7414"]},"organizer":[{"id":4039,"author":"1","status":"publish","date":"2019-04-03 18:46:59","date_utc":"2019-04-03 16:46:59","modified":"2022-01-10 16:58:21","modified_utc":"2022-01-10 15:58:21","url":"https:\/\/www.agnnw.de\/?tribe_organizer=aekwl","organizer":"AEKWL","slug":"aekwl","website":"https:\/\/www.akademie-wl.de\/fortbildungskatalog\/","json_ld":{"@type":"Person","name":"AEKWL","description":"","url":"https:\/\/www.akademie-wl.de\/fortbildungskatalog\/","telephone":"","email":"","sameAs":"https:\/\/www.akademie-wl.de\/fortbildungskatalog\/"},"global_id":"www.agnnw.de?id=4039","global_id_lineage":["www.agnnw.de?id=4039"]}],"custom_fields":[],"json_ld":{"@context":"http:\/\/schema.org","@type":"Event","name":"Intensivseminar Kindernotf\u00e4lle \/ M\u00fcnster","description":"&lt;p&gt;THEORIE UND PRAKTISCHE \u00dcBUNGEN VORTR\u00c4GE - Physiologische Besonderheiten bei Kleinkindern - Alltagsnotf\u00e4lle - Prinzipien der Traumaversorgung - Atemwegserkrankungen - Anaphylaxie - Intoxikationen - Kindeswohlgef\u00e4hrdung PRAKTISCHE \u00dcBUNGEN - Airwaymanagement - Schwierige ven\u00f6se und oss\u00e4re Zug\u00e4nge - Traumamanagement - Neugeborenen Erstversorgung Das Intensivseminar Kindernotf\u00e4lle richtet sich an An\u00e4sthesisten, Allgemeinmediziner, Kinder- und Jugendmediziner und an alle \u00c4rztinnen und [&hellip;]&lt;\/p&gt;\\n","image":"https:\/\/www.agnnw.de\/wp-content\/uploads\/2023\/05\/Intensivseminar-Kindernotfaelle.jpg","url":"https:\/\/www.agnnw.de\/?tribe_events=intensivseminar-kindernotfaelle-muenster","eventAttendanceMode":"https:\/\/schema.org\/OfflineEventAttendanceMode","eventStatus":"https:\/\/schema.org\/EventScheduled","startDate":"2023-09-16T09:00:00+02:00","endDate":"2023-09-16T17:30:00+02:00","location":{"@type":"Place","name":"St. Franziskus-Hospital M\u00fcnster","description":"","url":"","address":{"@type":"PostalAddress","streetAddress":"Hohenzollernring 70","addressLocality":"M\u00fcnster","addressRegion":"NRW","postalCode":"48149","addressCountry":"Deutschland"},"telephone":"","sameAs":""},"organizer":{"@type":"Person","name":"AEKWL","description":"","url":"https:\/\/www.akademie-wl.de\/fortbildungskatalog\/","telephone":"","email":"","sameAs":"https:\/\/www.akademie-wl.de\/fortbildungskatalog\/"},"performer":"Organization"}}